{"id":638604,"date":"2026-01-03T16:14:11","date_gmt":"2026-01-03T16:14:11","guid":{"rendered":"https:\/\/www.europesays.com\/fr\/638604\/"},"modified":"2026-01-03T16:14:11","modified_gmt":"2026-01-03T16:14:11","slug":"expo-esther-morisse-le-dit-avec-des-fleurs","status":"publish","type":"post","link":"https:\/\/www.europesays.com\/fr\/638604\/","title":{"rendered":"Expo : Esther Morisse le dit avec des fleurs"},"content":{"rendered":"<p>                    <img loading=\"lazy\" decoding=\"async\" src=\"https:\/\/www.europesays.com\/fr\/wp-content\/uploads\/2026\/01\/983b6084f4e98b685614b42fd9d33b.jpg\" class=\"img-responsive post-image\" width=\"680\" height=\"510\" alt=\"Expo : Esther Morisse (\u2026)\" title=\"Expo : Esther Morisse le dit avec des fleurs\"\/><\/p>\n<p class=\"chapo\">Nous avons crois\u00e9, par hasard, Esther Morisse dans l\u2019appartement-galerie du dernier \u00e9tage du mus\u00e9e d\u2019Art na\u00eff Anatole-Jakovsky de Nice. V\u00eatue pour l\u2019occasion d\u2019un pull vert pomme, contrastant avec ses cheveux orange. En v\u00e9ritable coloriste, elle semblait \u00e9merger de l\u2019un de ses tableaux, habit\u00e9s par des femmes au milieu d\u2019une luxuriance de fleurs. Sa peinture est fra\u00eeche, pr\u00e9cise, ce qui n\u2019exclut ni la po\u00e9sie, ni la fantaisie, ni la sensualit\u00e9.<\/p>\n<p>                    Inclassable figure ni\u00e7oise<\/p>\n<p>Le mus\u00e9e Jakovsky lui offre cet espace jusqu\u2019au 4 janvier, o\u00f9 il est possible de rencontrer l\u2019artiste (elle se tient en g\u00e9n\u00e9ral \u00e0 la disposition du public le week-end). On la retrouvera aussi du 23 janvier au 28 mars \u00e0 l\u2019Espace Les Arcades, dans le vieil Antibes, dont les 400 m\u00e8tres carr\u00e9s seront consacr\u00e9s \u00e0 son exposition \u00ab\u00a0Nature Vivante\u00a0\u00bb.<br class=\"autobr\"\/><br \/>\nSi, comme nous, vous ne connaissez pas encore cette inclassable figure ni\u00e7oise, il est temps de rencontrer celle qui reprend avec gourmandise la formule de Baudelaire\u00a0: \u00ab\u00a0Prenez garde \u00e0 la peinture\u00a0\u00bb. Cette formule du po\u00e8te a valeur de mise en garde, commandement, alerte, avertissement ou simple annonce. Son amie de toujours, l\u2019\u00e9crivaine <strong>Susie Morgenstern,<\/strong> pr\u00e9face avec beaucoup de perspicacit\u00e9 et de sensibilit\u00e9 sa plaquette\u00a0: \u00ab\u00a0 Le dessin d\u2019Esther est d\u2019une force supersonique, sur-anatomique, muscl\u00e9\u00a0\u00bb. Le dessin, cet art authentique et \u00e9mouvant, est tr\u00e8s pr\u00e9sent dans les \u0153uvres de l\u2019artiste puisque certaines de ses toiles sont pour moiti\u00e9 peintes et pour moiti\u00e9 dessin\u00e9es.<\/p>\n<p> <a href=\"https:\/\/www.europesays.com\/fr\/wp-content\/uploads\/2026\/01\/img_5511.jpg\" class=\"spip_doc_lien mediabox\" type=\"image\/jpeg\"><br \/>\n\t\t<img loading=\"lazy\" decoding=\"async\" src=\"https:\/\/www.europesays.com\/fr\/wp-content\/uploads\/2026\/01\/img_5511.jpg\" width=\"1024\" height=\"696\" alt=\"\"\/><\/a><\/p>\n<p>\u00a9ML\n<\/p>\n<p>Si Susie Morgenstern la compare au Douanier Rousseau, nous trouvons aussi une dimension Pop Art dans ses cr\u00e9ations, et une fa\u00e7on de peindre les fleurs dans toute leur gloire qui se rapprocherait de celle de Georgia O\u2019Keeffe. Ses nus font penser \u00e0 ceux de Wesselmann, qu\u2019elle ne connaissait pas quand elle a commenc\u00e9 \u00e0 les peindre, parce qu\u2019\u00e0 cette \u00e9poque (nous parlons du milieu du si\u00e8cle dernier), il \u00e9tait encore peu pr\u00e9sent\u00e9 en France. \u00ab\u00a0Je faisais de la peinture figurative, alors que tout le monde peignait abstrait \u00a0\u00bb. De nos jours, l\u2019art figuratif n\u2019a pas dit son dernier mot et son retour en gr\u00e2ce convient bien \u00e0 <a href=\"https:\/\/www.instagram.com\/esthermorisse\/\" class=\"spip_out\" rel=\"external noopener\" target=\"_blank\">Esther Morisse,<\/a> qui n\u2019a jamais vari\u00e9.<\/p>\n<p>D\u2019origine italienne, elle a adopt\u00e9 Nice d\u00e8s son arriv\u00e9e \u00e0 l\u2019\u00e2ge de dix ans. \u00c0 la villa Thiole, elle a suivi les cours du soir pendant des ann\u00e9es de monsieur Huguenin, \u00e9l\u00e8ve de Fernand L\u00e9ger, dont elle parle avec affection. Elle en a tir\u00e9 une technique irr\u00e9prochable. Comme son mari, qui fut cr\u00e9ateur en bijouterie et peintre lui-m\u00eame.<\/p>\n<p>            <script async src=\"\/\/www.instagram.com\/embed.js\"><\/script><\/p>\n","protected":false},"excerpt":{"rendered":"Nous avons crois\u00e9, par hasard, Esther Morisse dans l\u2019appartement-galerie du dernier \u00e9tage du mus\u00e9e d\u2019Art na\u00eff Anatole-Jakovsky de&hellip;\n","protected":false},"author":2,"featured_media":638605,"comment_status":"","ping_status":"","sticky":false,"template":"","format":"standard","meta":{"footnotes":""},"categories":[2819],"tags":[1111,11,2408,1777,674,1011,27,12,2401,882,25],"class_list":{"0":"post-638604","1":"post","2":"type-post","3":"status-publish","4":"format-standard","5":"has-post-thumbnail","7":"category-nice","8":"tag-actu","9":"tag-actualites","10":"tag-appels-d","11":"tag-eu","12":"tag-europe","13":"tag-fr","14":"tag-france","15":"tag-news","16":"tag-nice","17":"tag-provence-alpes-cote-dazur","18":"tag-republique-francaise"},"share_on_mastodon":{"url":"https:\/\/pubeurope.com\/@fr\/115832059996309070","error":""},"_links":{"self":[{"href":"https:\/\/www.europesays.com\/fr\/wp-json\/wp\/v2\/posts\/638604","targetHints":{"allow":["GET"]}}],"collection":[{"href":"https:\/\/www.europesays.com\/fr\/wp-json\/wp\/v2\/posts"}],"about":[{"href":"https:\/\/www.europesays.com\/fr\/wp-json\/wp\/v2\/types\/post"}],"author":[{"embeddable":true,"href":"https:\/\/www.europesays.com\/fr\/wp-json\/wp\/v2\/users\/2"}],"replies":[{"embeddable":true,"href":"https:\/\/www.europesays.com\/fr\/wp-json\/wp\/v2\/comments?post=638604"}],"version-history":[{"count":0,"href":"https:\/\/www.europesays.com\/fr\/wp-json\/wp\/v2\/posts\/638604\/revisions"}],"wp:featuredmedia":[{"embeddable":true,"href":"https:\/\/www.europesays.com\/fr\/wp-json\/wp\/v2\/media\/638605"}],"wp:attachment":[{"href":"https:\/\/www.europesays.com\/fr\/wp-json\/wp\/v2\/media?parent=638604"}],"wp:term":[{"taxonomy":"category","embeddable":true,"href":"https:\/\/www.europesays.com\/fr\/wp-json\/wp\/v2\/categories?post=638604"},{"taxonomy":"post_tag","embeddable":true,"href":"https:\/\/www.europesays.com\/fr\/wp-json\/wp\/v2\/tags?post=638604"}],"curies":[{"name":"wp","href":"https:\/\/api.w.org\/{rel}","templated":true}]}}