{"id":638607,"date":"2026-01-03T16:17:30","date_gmt":"2026-01-03T16:17:30","guid":{"rendered":"https:\/\/www.europesays.com\/fr\/638607\/"},"modified":"2026-01-03T16:17:30","modified_gmt":"2026-01-03T16:17:30","slug":"si-romain-devait-etre-destabilise-pour-aller-a-nantes-cest-triste-pour-nous-eric-roy-reagit-a-la-rumeur-del-castillo-a-nantes","status":"publish","type":"post","link":"https:\/\/www.europesays.com\/fr\/638607\/","title":{"rendered":"\u00ab\u00a0Si Romain devait \u00eatre d\u00e9stabilis\u00e9 pour aller \u00e0 Nantes, c\u2019est triste pour nous\u2026\u00a0\u00bb, \u00c9ric Roy r\u00e9agit \u00e0 la rumeur Del Castillo \u00e0 Nantes"},"content":{"rendered":"<p class=\"empty\">\u00c0 chaque mercato, son lot de rumeurs, souvent infond\u00e9es. Ces derniers jours, celle d\u2019un int\u00e9r\u00eat pour le FC Nantes pour le Brestois <a href=\"https:\/\/www.letelegramme.fr\/fiches\/foot\/stade-brestois-29\/foot\/romain-del-castillo-6759f9b525f5da69fc08bce6.php\" target=\"_blank\" rel=\"noopener\">Romain Del Castillo<\/a> a notamment circul\u00e9. Une information \u00e9mise par le quotidien L\u2019Equipe \u00e0 laquelle \u00c9ric Roy a pr\u00e9f\u00e9r\u00e9 ne pas donner corps, optant d\u2019abord pour l\u2019ironie.<\/p>\n<p class=\"empty\">\u00ab Il (Romain) \u00e9tait en jaune ce matin, et il avait des chaussures jaunes en plus. Il avait des chaussures jaunes et il avait une chasuble jaune. J\u2019esp\u00e8re qu\u2019il pourra jouer demain quand m\u00eame ! \u00bb, a ainsi souri son entra\u00eeneur. Avant de poursuivre : \u00ab Je ne sais pas encore quels joueurs doivent venir, alors ceux qui doivent partir, encore moins. \u00c7a m\u2019int\u00e9resse peu en fait. \u00bb<\/p>\n<p>\u00ab Si encore Chelsea l\u2019avait appel\u00e9\u2026 \u00bb<\/p>\n<p>Relanc\u00e9 sur le fait de savoir si cet int\u00e9r\u00eat suppos\u00e9 de Nantes vis-\u00e0-vis de Del Castillo pourrait perturber le joueur, Roy a estim\u00e9 que \u00ab si Romain Del Castillo est d\u00e9stabilis\u00e9 pour aller \u00e0 Nantes, c\u2019est triste pour nous. Je crois qu\u2019on a un peu plus de points qu\u2019eux aujourd\u2019hui. Il n\u2019y a pas grand-chose \u00e0 dire d\u2019autre. Si encore Chelsea l\u2019avait appel\u00e9, ou le PSG, bon, \u00e0 la limite, je veux bien. Mais pour le reste\u2026 \u00bb. Fermez le ban donc, du moins dans l\u2019imm\u00e9diat.<\/p>\n","protected":false},"excerpt":{"rendered":"\u00c0 chaque mercato, son lot de rumeurs, souvent infond\u00e9es. Ces derniers jours, celle d\u2019un int\u00e9r\u00eat pour le FC&hellip;\n","protected":false},"author":2,"featured_media":638608,"comment_status":"","ping_status":"","sticky":false,"template":"","format":"standard","meta":{"footnotes":""},"categories":[2818],"tags":[1111,11,3450,3166,1777,674,63,1011,27,66,766,12,2636,25,60,4449],"class_list":{"0":"post-638607","1":"post","2":"type-post","3":"status-publish","4":"format-standard","5":"has-post-thumbnail","7":"category-nantes","8":"tag-actu","9":"tag-actualites","10":"tag-brest","11":"tag-en-continu-sports","12":"tag-eu","13":"tag-europe","14":"tag-football","15":"tag-fr","16":"tag-france","17":"tag-ligue-1","18":"tag-nantes","19":"tag-news","20":"tag-pays-de-la-loire","21":"tag-republique-francaise","22":"tag-sports","23":"tag-stade-brestois"},"share_on_mastodon":{"url":"https:\/\/pubeurope.com\/@fr\/115832071296579238","error":""},"_links":{"self":[{"href":"https:\/\/www.europesays.com\/fr\/wp-json\/wp\/v2\/posts\/638607","targetHints":{"allow":["GET"]}}],"collection":[{"href":"https:\/\/www.europesays.com\/fr\/wp-json\/wp\/v2\/posts"}],"about":[{"href":"https:\/\/www.europesays.com\/fr\/wp-json\/wp\/v2\/types\/post"}],"author":[{"embeddable":true,"href":"https:\/\/www.europesays.com\/fr\/wp-json\/wp\/v2\/users\/2"}],"replies":[{"embeddable":true,"href":"https:\/\/www.europesays.com\/fr\/wp-json\/wp\/v2\/comments?post=638607"}],"version-history":[{"count":0,"href":"https:\/\/www.europesays.com\/fr\/wp-json\/wp\/v2\/posts\/638607\/revisions"}],"wp:featuredmedia":[{"embeddable":true,"href":"https:\/\/www.europesays.com\/fr\/wp-json\/wp\/v2\/media\/638608"}],"wp:attachment":[{"href":"https:\/\/www.europesays.com\/fr\/wp-json\/wp\/v2\/media?parent=638607"}],"wp:term":[{"taxonomy":"category","embeddable":true,"href":"https:\/\/www.europesays.com\/fr\/wp-json\/wp\/v2\/categories?post=638607"},{"taxonomy":"post_tag","embeddable":true,"href":"https:\/\/www.europesays.com\/fr\/wp-json\/wp\/v2\/tags?post=638607"}],"curies":[{"name":"wp","href":"https:\/\/api.w.org\/{rel}","templated":true}]}}