{"id":638611,"date":"2026-01-03T16:20:10","date_gmt":"2026-01-03T16:20:10","guid":{"rendered":"https:\/\/www.europesays.com\/fr\/638611\/"},"modified":"2026-01-03T16:20:10","modified_gmt":"2026-01-03T16:20:10","slug":"halle-aux-grains-ber-ler-bey-en-concert-le-18-janvier-a-lavaur","status":"publish","type":"post","link":"https:\/\/www.europesays.com\/fr\/638611\/","title":{"rendered":"Halle aux Grains\u00a0: Ber Ler Bey en concert le 18\u00a0janvier \u00e0 Lavaur"},"content":{"rendered":"<p>\n                                                                    l&rsquo;essentiel<br \/>\n                                                                Ce trio de talent vous propose de d\u00e9couvrir la musique des Balkans telle que vous ne l\u2019avez jamais vu le 18\u00a0janvier \u00e0 la Halle aux Grains.\n                            <\/p>\n<p>Le trio Bey Ler Bey se produira le 18\u00a0janvier 2026 \u00e0 17\u00a0heures \u00e0 la Halle aux Grains de Lavaur, dans le cadre de la saison 2025-2026 de l\u2019ADDA du Tarn et du Conservatoire de Musique et de Danse du Tarn. Le concert est propos\u00e9 en entr\u00e9e libre et gratuite, dans la limite des places disponibles et sans r\u00e9servation. Cr\u00e9\u00e9 en 2012, Bey Ler Bey r\u00e9unit trois musiciens improvisateurs autour d\u2019un projet commun\u00a0: proposer une musique improvis\u00e9e qui d\u00e9tourne les codes et les couleurs des musiques des Balkans.<\/p>\n<p>Le trio explore ces r\u00e9pertoires en s\u2019\u00e9loignant volontairement des formes traditionnelles, en privil\u00e9giant l\u2019exp\u00e9rimentation, la prise de risque et le dialogue musical. Cette d\u00e9marche donne naissance \u00e0 une \u00ab\u00a0conversation \u00e9nergique\u00a0\u00bb entre les instruments, o\u00f9 les r\u00e9f\u00e9rences balkaniques sont r\u00e9interpr\u00e9t\u00e9es et transform\u00e9es.<\/p>\n<p>La formation est compos\u00e9e de Wassim Halal aux percussions (darbuka, bendir, daf), Laurent Clouet \u00e0 la clarinette et Florian Demonsant \u00e0 l\u2019accord\u00e9on. Ensemble, les trois musiciens d\u00e9veloppent un univers sonore singulier, fond\u00e9 sur l\u2019improvisation et l\u2019exploration des possibilit\u00e9s expressives de leurs instruments, parfois pouss\u00e9s au-del\u00e0 de leurs usages habituels.<\/p>\n<p>Leur musique s\u2019adresse \u00e0 un public curieux, d\u00e9sireux de d\u00e9couvrir une approche libre et d\u00e9brid\u00e9e, sans se limiter \u00e0 des cadres identitaires d\u00e9finis. En compl\u00e9ment du concert, une masterclass anim\u00e9e par Laurent Clouet sera propos\u00e9e aux \u00e9l\u00e8ves du Conservatoire. Ce temps d\u2019\u00e9change offrira une immersion dans l\u2019univers musical du trio Bey. Ler. Bey, en lien avec les principes d\u2019improvisation et de d\u00e9tournement des codes qui caract\u00e9risent le projet.<\/p>\n<p>Ce concert s\u2019inscrit ainsi dans une programmation qui associe diffusion artistique et action p\u00e9dagogique, en mettant en avant des formes musicales ouvertes et contemporaines, accessibles \u00e0 un large public.<\/p>\n<p>L\u2019Association D\u00e9partementale pour le D\u00e9veloppement des Arts du Tarn (ADDA du Tarn) est une association cr\u00e9\u00e9e en 1975 par le conseil d\u00e9partemental et le Minist\u00e8re de la Culture en concertation avec les milieux de la musique, de la danse et du th\u00e9\u00e2tre.<\/p>\n","protected":false},"excerpt":{"rendered":"l&rsquo;essentiel Ce trio de talent vous propose de d\u00e9couvrir la musique des Balkans telle que vous ne l\u2019avez&hellip;\n","protected":false},"author":2,"featured_media":638612,"comment_status":"","ping_status":"","sticky":false,"template":"","format":"standard","meta":{"footnotes":""},"categories":[2816],"tags":[1111,11,58,1777,674,1011,27,72402,873,12,2680,25,8412,2312],"class_list":{"0":"post-638611","1":"post","2":"type-post","3":"status-publish","4":"format-standard","5":"has-post-thumbnail","7":"category-toulouse","8":"tag-actu","9":"tag-actualites","10":"tag-divertissement","11":"tag-eu","12":"tag-europe","13":"tag-fr","14":"tag-france","15":"tag-lavaur","16":"tag-musique","17":"tag-news","18":"tag-occitanie","19":"tag-republique-francaise","20":"tag-tarn","21":"tag-toulouse"},"share_on_mastodon":{"url":"https:\/\/pubeurope.com\/@fr\/115832083217130142","error":""},"_links":{"self":[{"href":"https:\/\/www.europesays.com\/fr\/wp-json\/wp\/v2\/posts\/638611","targetHints":{"allow":["GET"]}}],"collection":[{"href":"https:\/\/www.europesays.com\/fr\/wp-json\/wp\/v2\/posts"}],"about":[{"href":"https:\/\/www.europesays.com\/fr\/wp-json\/wp\/v2\/types\/post"}],"author":[{"embeddable":true,"href":"https:\/\/www.europesays.com\/fr\/wp-json\/wp\/v2\/users\/2"}],"replies":[{"embeddable":true,"href":"https:\/\/www.europesays.com\/fr\/wp-json\/wp\/v2\/comments?post=638611"}],"version-history":[{"count":0,"href":"https:\/\/www.europesays.com\/fr\/wp-json\/wp\/v2\/posts\/638611\/revisions"}],"wp:featuredmedia":[{"embeddable":true,"href":"https:\/\/www.europesays.com\/fr\/wp-json\/wp\/v2\/media\/638612"}],"wp:attachment":[{"href":"https:\/\/www.europesays.com\/fr\/wp-json\/wp\/v2\/media?parent=638611"}],"wp:term":[{"taxonomy":"category","embeddable":true,"href":"https:\/\/www.europesays.com\/fr\/wp-json\/wp\/v2\/categories?post=638611"},{"taxonomy":"post_tag","embeddable":true,"href":"https:\/\/www.europesays.com\/fr\/wp-json\/wp\/v2\/tags?post=638611"}],"curies":[{"name":"wp","href":"https:\/\/api.w.org\/{rel}","templated":true}]}}