{"id":638615,"date":"2026-01-03T16:22:14","date_gmt":"2026-01-03T16:22:14","guid":{"rendered":"https:\/\/www.europesays.com\/fr\/638615\/"},"modified":"2026-01-03T16:22:14","modified_gmt":"2026-01-03T16:22:14","slug":"apres-les-fetes-de-fin-dannee-que-faire-de-son-sapin-a-lille-03-01-2026","status":"publish","type":"post","link":"https:\/\/www.europesays.com\/fr\/638615\/","title":{"rendered":"Apr\u00e8s les f\u00eates de fin d&rsquo;ann\u00e9e, que faire de son sapin \u00e0 Lille ? &#8211; 03\/01\/2026"},"content":{"rendered":"<p>\n        It\u2019s tiiiiiime\u2026 d\u2019enlever les boules, de d\u00e9m\u00ealer la guirlande (bon courage), de ranger les d\u00e9corations jusqu\u2019\u00e0 l\u2019ann\u00e9e prochaine et de dire au revoir au sapin. Reste maintenant une question tr\u00e8s concr\u00e8te : qu\u2019est-ce qu\u2019on en fait, \u00e0 Lille ?<\/p>\n<p>Bonne nouvelle : on vous a m\u00e2ch\u00e9 le travail.\u00a0On vous donne les lieux pour le d\u00e9poser, ce qui change cette ann\u00e9e et quelques conseils utiles pour s\u2019en d\u00e9barrasser proprement.<\/p>\n<p>  Points de collecte officiels<\/p>\n<p>&#13;17 enclos en tout, gratuitement, <b>du 3 au 25 janvier 2026<\/b>, la Ville de Lille r\u00e9cup\u00e8rent vos sapins \u00e0 ces endroits :<b><br \/><\/b>&#13;<\/p>\n<ul>&#13;<\/p>\n<li>&#13;<b>Lille-Centre<\/b> : Parc Jean-Baptiste Lebas (c\u00f4t\u00e9 Porte de Paris), Place Saint-Hubert, Angles de l&rsquo;avenue du Pr\u00e9sident John F. Kennedy et de la rue Pierre Mauroy<\/li>\n<p>&#13;<\/p>\n<li>&#13;<b>Vieux-Lille<\/b> : Quai du Wault, Place des Archives (rue Saint-Andr\u00e9), Esplanade du Champ de Mars (Pont du Petit Paradis)<\/li>\n<p>&#13;<\/p>\n<li>&#13;<b>Vauban-Esquermes<\/b> : Square du Portugal (rue de la Bass\u00e9e), Place Catinat<\/li>\n<p>&#13;<\/p>\n<li>&#13;<b>Wazemmes<\/b> : Rue Littr\u00e9 (angle des rues du March\u00e9 et de Flandre)<\/li>\n<p>&#13;<\/p>\n<li>&#13;<b>Faubourg de B\u00e9thune<\/b> : Eglise Notre-Dame-des-Victoires (rue du Mal Assis)<\/li>\n<p>&#13;<\/p>\n<li>&#13;<b>Lille-Moulins<\/b> : Jardin des plantes (rue du Jardin des Plantes)<\/li>\n<p>&#13;<\/p>\n<li>&#13;<b>Lille-Sud<\/b> : \u00c9glise du C\u0153ur-Immacul\u00e9-de-Marie (rue des Pens\u00e9es)<\/li>\n<p>&#13;<\/p>\n<li>&#13;<b>Fives<\/b> : Place Pierre Degeyter (rue Pierre Legrand), Place du Mont de Terre (en face du Splendid)<\/li>\n<p>&#13;<\/p>\n<li>&#13;<b>Saint-Maurice Pellevoisin <\/b>: Stade Da Rui (rue du Buisson), Place D\u00e9sir\u00e9 Bouch\u00e9e (angle des rues du Faubourg de Roubaix et Blanche)<\/li>\n<p>&#13;<\/p>\n<li>&#13;<b>Bois-Blancs<\/b> : Plaine des vachers (rue des Bois Blancs)<\/li>\n<p>&#13;<\/ul>\n<p>&#13;L&rsquo;op\u00e9ration\u00a0\u00ab\u00a0Une seconde vie pour votre sapin\u00a0\u00bb les transforme\u00a0en copeaux pour\u00a0\u00ab\u00a0prot\u00e9ger et enrichir les massifs des jardins publics, en favorisant le maintien d\u2019une bonne humidit\u00e9 au sol et la limitation des effets des gel\u00e9es tardives\u00a0\u00bb, pr\u00e9cise la Ville.&#13;<\/p>\n<p>Ce qui change cette ann\u00e9e<\/p>\n<p>Cette ann\u00e9e, les sapins passent direct \u00e0 la moulinette. Certains points de collecte testeront\u00a0le broyage sur place, pour \u00e9viter les allers-retours de camions charg\u00e9s de sapins vers la Citadelle. R\u00e9sultat : moins de trajets, plus d\u2019efficacit\u00e9 (et moins de nuisances).\u00a0<\/p>\n<p>  Avant de dire adieu \u00e0 votre sapin<\/p>\n<p>On n&rsquo;oublie pas d&rsquo;<b>enlever sprays et neige artificielle<\/b>, ces produits compromettent le compostage. Vous pouvez aussi secouer l\u2019arbre pour enlever l\u2019exc\u00e8s d\u2019aiguilles et r\u00e9duire le volume pendant le transport.<\/p>\n<p>Dans les points de collecte <a target=\"_blank\" href=\"https:\/\/www.lille.fr\/Bois-Blancs\/Actualites\/Une-seconde-vie-pour-votre-sapin3\" rel=\"noopener\">officiels<\/a> de Lille, <b>seuls les sapins naturels, sans d\u00e9co, sans sacs et sans pied clou\u00e9 sont accept\u00e9s<\/b>.<\/p>\n<p>  Autres alternatives<\/p>\n<ul>&#13;<\/p>\n<li>Si vous avez une carte de <b>d\u00e9chetterie<\/b>, pensez aux bennes d\u00e9di\u00e9es aux d\u00e9chets verts pour y d\u00e9poser votre sapin.<\/li>\n<p>&#13;<\/p>\n<li>Pour celles et ceux qui l\u2019ont <b>command\u00e9 sur internet ou en magasin<\/b>, certains services comme <a target=\"_blank\" href=\"https:\/\/monsapinchezmoi.fr\/\" rel=\"noopener\">Mon sapin chez moi<\/a>\u00a0ou <a target=\"_blank\" href=\"https:\/\/www.ohlesfleurs.com\/nos-conseils\/sapin-de-noel-entreprise-lille-livraison-de-sapin-decore-ou-naturel\/\" rel=\"noopener\">Oh! Les Fleurs<\/a> proposent de le r\u00e9cup\u00e9rer, mieux vaut s\u2019y prendre t\u00f4t.<\/li>\n<p>&#13;<\/p>\n<li>Et pour les amateur\u00b7rices de <b>DIY <\/b>ou de <b>bricolage<\/b>, on a quelques id\u00e9es pour lui donner une seconde vie avant qu\u2019il ne parte au broyage : petit brasero au jardin, branches dans un vase avec une guirlande lumineuse, ou dans un pot en mode bouquet, compo d&rsquo;un pot-pourri&#8230; Pinterest est une mine d&rsquo;or niveau inspi.<\/li>\n<p>&#13;<\/ul>\n<p>  Non non non !<\/p>\n<p>Il ne faut surtout pas jeter son sapin sur le trottoir ni m\u00eame en for\u00eat, cela est consid\u00e9r\u00e9 comme un d\u00e9p\u00f4t sauvage passible d&rsquo;une amende (135\u20ac <a target=\"_blank\" href=\"https:\/\/www.onf.fr\/vivre-la-foret\/+\/2adc::pourquoi-ne-faut-il-pas-jeter-son-sapin-de-noel-usage-en-foret.html\" rel=\"noopener\">voire 1500\u20ac<\/a>). Aussi, pour celles et ceux qui compostent, ne mettez pas votre sapin en trop grande quantit\u00e9 d&rsquo;un coup dans votre tas de compost car il est en r\u00e9alit\u00e9 trop acide.<\/p>\n<p>Et pour finir, la team Vozer vous d\u00e9conseille de br\u00fbler votre sapin dans votre chemin\u00e9e. Le bois des sapins peut causer des feux de chemin\u00e9e \u00e0 cause de la s\u00e8ve. On sait qu&rsquo;il fait froid, mais quand m\u00eame.<\/p>\n","protected":false},"excerpt":{"rendered":"It\u2019s tiiiiiime\u2026 d\u2019enlever les boules, de d\u00e9m\u00ealer la guirlande (bon courage), de ranger les d\u00e9corations jusqu\u2019\u00e0 l\u2019ann\u00e9e prochaine&hellip;\n","protected":false},"author":2,"featured_media":638616,"comment_status":"","ping_status":"","sticky":false,"template":"","format":"standard","meta":{"footnotes":""},"categories":[2815],"tags":[1111,11,1777,674,1011,27,811,1307,12,25],"class_list":{"0":"post-638615","1":"post","2":"type-post","3":"status-publish","4":"format-standard","5":"has-post-thumbnail","7":"category-lille","8":"tag-actu","9":"tag-actualites","10":"tag-eu","11":"tag-europe","12":"tag-fr","13":"tag-france","14":"tag-hauts-de-france","15":"tag-lille","16":"tag-news","17":"tag-republique-francaise"},"share_on_mastodon":{"url":"https:\/\/pubeurope.com\/@fr\/115832091103528315","error":""},"_links":{"self":[{"href":"https:\/\/www.europesays.com\/fr\/wp-json\/wp\/v2\/posts\/638615","targetHints":{"allow":["GET"]}}],"collection":[{"href":"https:\/\/www.europesays.com\/fr\/wp-json\/wp\/v2\/posts"}],"about":[{"href":"https:\/\/www.europesays.com\/fr\/wp-json\/wp\/v2\/types\/post"}],"author":[{"embeddable":true,"href":"https:\/\/www.europesays.com\/fr\/wp-json\/wp\/v2\/users\/2"}],"replies":[{"embeddable":true,"href":"https:\/\/www.europesays.com\/fr\/wp-json\/wp\/v2\/comments?post=638615"}],"version-history":[{"count":0,"href":"https:\/\/www.europesays.com\/fr\/wp-json\/wp\/v2\/posts\/638615\/revisions"}],"wp:featuredmedia":[{"embeddable":true,"href":"https:\/\/www.europesays.com\/fr\/wp-json\/wp\/v2\/media\/638616"}],"wp:attachment":[{"href":"https:\/\/www.europesays.com\/fr\/wp-json\/wp\/v2\/media?parent=638615"}],"wp:term":[{"taxonomy":"category","embeddable":true,"href":"https:\/\/www.europesays.com\/fr\/wp-json\/wp\/v2\/categories?post=638615"},{"taxonomy":"post_tag","embeddable":true,"href":"https:\/\/www.europesays.com\/fr\/wp-json\/wp\/v2\/tags?post=638615"}],"curies":[{"name":"wp","href":"https:\/\/api.w.org\/{rel}","templated":true}]}}