{"id":638617,"date":"2026-01-03T16:23:33","date_gmt":"2026-01-03T16:23:33","guid":{"rendered":"https:\/\/www.europesays.com\/fr\/638617\/"},"modified":"2026-01-03T16:23:33","modified_gmt":"2026-01-03T16:23:33","slug":"je-nous-mettrais-gagnants-thomas-meunier-donne-un-petit-avantage-a-lille-pour-losc-stade-rennais","status":"publish","type":"post","link":"https:\/\/www.europesays.com\/fr\/638617\/","title":{"rendered":"\u00ab\u00a0Je nous mettrais gagnants\u00a0\u00bb : Thomas Meunier donne un petit avantage \u00e0 Lille pour LOSC &#8211; Stade Rennais"},"content":{"rendered":"<p>Publi\u00e9 le 3 janvier 2026 \u00e0 08:40<\/p>\n<p><strong>Le d\u00e9fenseur lat\u00e9ral belge Thomas Meunier est apparu<br \/>\ndevant les m\u00e9dias pour la premi\u00e8re conf\u00e9rence de presse de l\u2019ann\u00e9e<br \/>\n2026. Il a estim\u00e9 que le LOSC accueillait le Stade Rennais dans la<br \/>\npeau du favori ce samedi en Ligue 1.<\/strong><\/p>\n<p>Quatri\u00e8me en championnat \u00e0 mi-parcours, ou presque alors qu\u2019une<br \/>\njourn\u00e9e doit encore \u00eatre disput\u00e9e, le LOSC nourrit de grandes<br \/>\nambitions pour l\u2019ann\u00e9e 2026. La discr\u00e9tion est n\u00e9anmoins le choix<br \/>\nfait, \u00e0 l\u2019image des propos tenus par Bruno Genesio ce vendredi. De<br \/>\npassage en conf\u00e9rence de presse, le technicien estimait que la<br \/>\nformation lilloise, au vu de ses moyens financiers, <a href=\"https:\/\/lepetitlillois.com\/2026\/01\/02\/le-losc-fait-mieux-que-ce-quil-peut-esperer-la-4e-place-nest-pas-une-normalite-aux-yeux-de-bruno-genesio\/\" target=\"_blank\" rel=\"noopener\"><br \/>\ndevait d\u00e9j\u00e0 se satisfaire de sa position actuelle au<br \/>\nclassement<\/a>.<\/p>\n<p>La discr\u00e9tion n\u2019est pas ce qui d\u00e9finit Thomas Meunier, habitu\u00e9 \u00e0<br \/>\nparler avec honn\u00eatet\u00e9 et franchise lors de ses apparitions<br \/>\nm\u00e9diatiques. Le Belge, toujours ce vendredi, est apparu moins<br \/>\nfrileux : \u00ab\u00a0Le top 3, je pense que c\u2019est une r\u00e9elle<br \/>\nambition\u00a0\u00bb, a-t-il l\u00e2ch\u00e9, d\u00e9termin\u00e9 \u00e0 voir le LOSC<br \/>\nbriller en cette ann\u00e9e 2026. Pour ce faire, il faut gagner les<br \/>\nmatchs plus ais\u00e9s sur le papier. Il s\u2019agit d\u2019un point sur lequel le<br \/>\nlat\u00e9ral a insist\u00e9. Il ne place cependant pas la r\u00e9ception du Stade<br \/>\nRennais (samedi, 21h05) dans cette cat\u00e9gorie de rencontre.<\/p>\n<p>Avantage minime<\/p>\n<p>La dix-septi\u00e8me journ\u00e9e de Ligue 1, qui conclut la phase aller<br \/>\ndu championnat de France, sera marqu\u00e9e par une opposition aux<br \/>\neffluves europ\u00e9ennes avec le d\u00e9placement du Stade Rennais (6e, 27<br \/>\npts) \u00e0 Lille (4e, 32 pts), deux candidats \u00e0 une qualification en<br \/>\nEurope en fin de saison. Comment Thomas Meunier per\u00e7oit-il cette<br \/>\npartie ?\u00a0<strong>\u00ab\u00a0Sur le papier, c\u2019est un beau<br \/>\n50-50\u00a0\u00bb<\/strong>, d\u00e9bute-t-il d\u2019abord, avant de donner un<br \/>\npetit avantage \u00e0 ses Dogues.<\/p>\n<p>Prenant une donn\u00e9e suppl\u00e9mentaire en compte, il changeait<br \/>\nl\u00e9g\u00e8rement son fusil d\u2019\u00e9paule : \u00ab\u00a0Mais le fait de jouer \u00e0<br \/>\ndomicile nous donne un avantage. <strong>Je dirais plus, peut-\u00eatre,<br \/>\nque c\u2019est du 60-40.<\/strong> Le fait de jouer devant notre public,<br \/>\net puis le stade devrait \u00eatre plein un samedi soir. Je nous<br \/>\nmettrais quand m\u00eame gagnants, parce qu\u2019on joue \u00e0 domicile, parce<br \/>\nqu\u2019on doit le faire, tout simplement\u00a0\u00bb, l\u00e2che-t-il,<br \/>\njouant ainsi les bookmakers.<\/p>\n<p>Peu importe les pronostics, Thomas Meunier a assur\u00e9 que le LOSC<br \/>\nallait \u00ab\u00a0faire ce qu\u2019il faut\u00a0\u00bb :<br \/>\n<strong>\u00ab\u00a0Je n\u2019ai aucun doute l\u00e0-dessus. On doit le faire.<br \/>\nOn va tout donner. On a accroch\u00e9 le wagon de t\u00eate et il ne faut<br \/>\nsurtout pas le l\u00e2cher\u00a0\u00bb<\/strong>, conclut-il, toujours<br \/>\naussi motiv\u00e9, d\u00e9termin\u00e9 et ambitieux dans les rangs lillois.<\/p>\n","protected":false},"excerpt":{"rendered":"Publi\u00e9 le 3 janvier 2026 \u00e0 08:40 Le d\u00e9fenseur lat\u00e9ral belge Thomas Meunier est apparu devant les m\u00e9dias&hellip;\n","protected":false},"author":2,"featured_media":638618,"comment_status":"","ping_status":"","sticky":false,"template":"","format":"standard","meta":{"footnotes":""},"categories":[2815],"tags":[1111,11,1777,674,1011,27,811,1307,12,25],"class_list":{"0":"post-638617","1":"post","2":"type-post","3":"status-publish","4":"format-standard","5":"has-post-thumbnail","7":"category-lille","8":"tag-actu","9":"tag-actualites","10":"tag-eu","11":"tag-europe","12":"tag-fr","13":"tag-france","14":"tag-hauts-de-france","15":"tag-lille","16":"tag-news","17":"tag-republique-francaise"},"share_on_mastodon":{"url":"https:\/\/pubeurope.com\/@fr\/115832094947151986","error":""},"_links":{"self":[{"href":"https:\/\/www.europesays.com\/fr\/wp-json\/wp\/v2\/posts\/638617","targetHints":{"allow":["GET"]}}],"collection":[{"href":"https:\/\/www.europesays.com\/fr\/wp-json\/wp\/v2\/posts"}],"about":[{"href":"https:\/\/www.europesays.com\/fr\/wp-json\/wp\/v2\/types\/post"}],"author":[{"embeddable":true,"href":"https:\/\/www.europesays.com\/fr\/wp-json\/wp\/v2\/users\/2"}],"replies":[{"embeddable":true,"href":"https:\/\/www.europesays.com\/fr\/wp-json\/wp\/v2\/comments?post=638617"}],"version-history":[{"count":0,"href":"https:\/\/www.europesays.com\/fr\/wp-json\/wp\/v2\/posts\/638617\/revisions"}],"wp:featuredmedia":[{"embeddable":true,"href":"https:\/\/www.europesays.com\/fr\/wp-json\/wp\/v2\/media\/638618"}],"wp:attachment":[{"href":"https:\/\/www.europesays.com\/fr\/wp-json\/wp\/v2\/media?parent=638617"}],"wp:term":[{"taxonomy":"category","embeddable":true,"href":"https:\/\/www.europesays.com\/fr\/wp-json\/wp\/v2\/categories?post=638617"},{"taxonomy":"post_tag","embeddable":true,"href":"https:\/\/www.europesays.com\/fr\/wp-json\/wp\/v2\/tags?post=638617"}],"curies":[{"name":"wp","href":"https:\/\/api.w.org\/{rel}","templated":true}]}}