{"id":638623,"date":"2026-01-03T16:26:12","date_gmt":"2026-01-03T16:26:12","guid":{"rendered":"https:\/\/www.europesays.com\/fr\/638623\/"},"modified":"2026-01-03T16:26:12","modified_gmt":"2026-01-03T16:26:12","slug":"lyon-renforce-son-soutien-avec-une-nouvelle-aide-durgence-a-lviv","status":"publish","type":"post","link":"https:\/\/www.europesays.com\/fr\/638623\/","title":{"rendered":"Lyon renforce son soutien avec une nouvelle aide d\u2019urgence \u00e0 Lviv"},"content":{"rendered":"<p>Pr\u00e8s de quatre ans apr\u00e8s le d\u00e9but de l\u2019invasion russe, les besoins humanitaires restent immenses en Ukraine. Les destructions massives dans le secteur de l\u2019\u00e9nergie laissent chaque jour <a href=\"https:\/\/www.leprogres.fr\/defense-guerre-conflit\/2025\/12\/23\/plusieurs-regions-privees-de-courant-apres-une-attaque-massive-de-la-russie\" target=\"_blank\" rel=\"noopener\">des millions d\u2019habitants sans chauffage ni \u00e9lectricit\u00e9<\/a>. C\u2019est dans ce contexte que Lyon poursuit sa mobilisation.<\/p>\n<p>D\u00e9j\u00e0 engag\u00e9e depuis 2022 aux c\u00f4t\u00e9s de plusieurs organisations humanitaires, la Ville vient d\u2019approuver une nouvelle aide financi\u00e8re \u00e0 \u00c9lectriciens sans fronti\u00e8res de 15\u00a0000\u00a0euros. Cette ONG, sp\u00e9cialiste de l\u2019acc\u00e8s \u00e0 l\u2019\u00e9nergie en situation de crise, pr\u00e9voit l\u2019envoi d\u2019un groupe \u00e9lectrog\u00e8ne \u00e0 Lviv, afin de s\u00e9curiser l\u2019alimentation \u00e9lectrique de services essentiels.\u00a0L\u2019ONG devra remettre un bilan financier et qualitatif du projet dans les six mois suivant sa r\u00e9alisation.<\/p>\n<p>  Relation d\u2019amiti\u00e9<\/p>\n<p>Cette subvention qui\u00a0s\u2019inscrit aussi dans la relation d\u2019amiti\u00e9 ancienne entre Lyon et Lviv vient s\u2019ajouter aux pr\u00e9c\u00e9dents soutiens accord\u00e9s par la mairie.<\/p>\n<p>D\u00e8s mars\u00a02022, elle a attribu\u00e9 une premi\u00e8re subvention de 30\u00a0000\u00a0\u20ac au Minist\u00e8re de l\u2019Europe et des Affaires \u00e9trang\u00e8res pour alimenter un fonds d\u2019urgence destin\u00e9 aux victimes de la guerre. Quelques mois plus tard, en juillet\u00a02022, une aide de 10\u00a0000\u00a0\u20ac \u00e9tait accord\u00e9e \u00e0 l\u2019ONG World Central Kitchen, via l\u2019association Bocuse d\u2019Or Winners, afin de financer l\u2019initiative #ChefsForUkraine offrant des repas aux personnes d\u00e9plac\u00e9es.<\/p>\n<p>En janvier\u00a02023, Lyon renouvelait son engagement avec une subvention de 20\u00a0000\u00a0\u20ac \u00e0 \u00c9lectriciens sans fronti\u00e8res pour acheminer et installer deux g\u00e9n\u00e9rateurs \u00e9lectriques sur place. Plus r\u00e9cemment, en f\u00e9vrier\u00a02025, la Ville a \u00e9galement particip\u00e9 \u00e0 l\u2019op\u00e9ration culturelle \u00ab\u00a0Des Pages Jaunes et Bleues\u00a0\u00bb, visant \u00e0 valoriser la litt\u00e9rature ukrainienne dans les biblioth\u00e8ques municipales.<\/p>\n","protected":false},"excerpt":{"rendered":"Pr\u00e8s de quatre ans apr\u00e8s le d\u00e9but de l\u2019invasion russe, les besoins humanitaires restent immenses en Ukraine. Les&hellip;\n","protected":false},"author":2,"featured_media":638624,"comment_status":"","ping_status":"","sticky":false,"template":"","format":"standard","meta":{"footnotes":""},"categories":[1889],"tags":[1111,11,2430,1984,2757,1777,674,107,1011,27,2428,2756,12,316,25,2429],"class_list":{"0":"post-638623","1":"post","2":"type-post","3":"status-publish","4":"format-standard","5":"has-post-thumbnail","7":"category-lyon","8":"tag-actu","9":"tag-actualites","10":"tag-auvergne-rhone-alpes","11":"tag-conseil-municipal","12":"tag-edition-lyon-villeurbanne","13":"tag-eu","14":"tag-europe","15":"tag-fil-info","16":"tag-fr","17":"tag-france","18":"tag-lyon","19":"tag-lyon-bassin","20":"tag-news","21":"tag-politique","22":"tag-republique-francaise","23":"tag-rhone"},"share_on_mastodon":{"url":"https:\/\/pubeurope.com\/@fr\/115832106789521365","error":""},"_links":{"self":[{"href":"https:\/\/www.europesays.com\/fr\/wp-json\/wp\/v2\/posts\/638623","targetHints":{"allow":["GET"]}}],"collection":[{"href":"https:\/\/www.europesays.com\/fr\/wp-json\/wp\/v2\/posts"}],"about":[{"href":"https:\/\/www.europesays.com\/fr\/wp-json\/wp\/v2\/types\/post"}],"author":[{"embeddable":true,"href":"https:\/\/www.europesays.com\/fr\/wp-json\/wp\/v2\/users\/2"}],"replies":[{"embeddable":true,"href":"https:\/\/www.europesays.com\/fr\/wp-json\/wp\/v2\/comments?post=638623"}],"version-history":[{"count":0,"href":"https:\/\/www.europesays.com\/fr\/wp-json\/wp\/v2\/posts\/638623\/revisions"}],"wp:featuredmedia":[{"embeddable":true,"href":"https:\/\/www.europesays.com\/fr\/wp-json\/wp\/v2\/media\/638624"}],"wp:attachment":[{"href":"https:\/\/www.europesays.com\/fr\/wp-json\/wp\/v2\/media?parent=638623"}],"wp:term":[{"taxonomy":"category","embeddable":true,"href":"https:\/\/www.europesays.com\/fr\/wp-json\/wp\/v2\/categories?post=638623"},{"taxonomy":"post_tag","embeddable":true,"href":"https:\/\/www.europesays.com\/fr\/wp-json\/wp\/v2\/tags?post=638623"}],"curies":[{"name":"wp","href":"https:\/\/api.w.org\/{rel}","templated":true}]}}