{"id":638627,"date":"2026-01-03T16:29:09","date_gmt":"2026-01-03T16:29:09","guid":{"rendered":"https:\/\/www.europesays.com\/fr\/638627\/"},"modified":"2026-01-03T16:29:09","modified_gmt":"2026-01-03T16:29:09","slug":"meteo-paris-et-lile-de-france-nen-ont-pas-fini-avec-le-froid-la-vigilance-neige-verglas-toujours-de-mise","status":"publish","type":"post","link":"https:\/\/www.europesays.com\/fr\/638627\/","title":{"rendered":"M\u00e9t\u00e9o. Paris et l\u2019\u00cele-de-France n\u2019en ont pas fini avec le froid, la vigilance neige-verglas toujours de mise"},"content":{"rendered":"<p>                    Par<br \/>\n        <strong><br \/>\n            <a href=\"https:\/\/actu.fr\/auteur\/redaction-paris\" title=\"Consulter tous les articles de R\u00e9daction Paris\" target=\"_blank\" rel=\"noopener\">R\u00e9daction Paris<\/a><br \/>\n                    <\/strong><\/p>\n<p>        Publi\u00e9 le<\/p>\n<p>            3 janv. 2026 \u00e0 16h12        <\/p>\n<p>L\u2019hiver\u00a0 continue de frapper Paris et l\u2019\u00cele-de-France. Les derni\u00e8res pr\u00e9visions <a href=\"https:\/\/actu.fr\/paris\/meteo\" target=\"_blank\" rel=\"noopener\">m\u00e9t\u00e9o<\/a> confirment que la p\u00e9riode de froid intense n\u2019est pas termin\u00e9e, avec des temp\u00e9ratures s basses, des risques de gel prolong\u00e9 et des \u00e9pisodes de <a href=\"https:\/\/actu.fr\/tag\/neige\" target=\"_blank\" rel=\"noopener\">neige<\/a> possibles dans les prochains jours.<\/p>\n<p>Paris et l\u2019\u00cele-de-France toujours en vigilance neige-verglas<\/p>\n<p class=\" wall-content\">Apr\u00e8s une nuit de la Saint-Sylvestre exceptionnellement froide, la plus froide depuis pr\u00e8s de 30 ans en France, une masse d\u2019air polaire persiste sur le pays. Selon les mod\u00e9lisations m\u00e9t\u00e9orologiques, ce froid marqu\u00e9 devrait se maintenir au moins jusqu\u2019au 8 ou 9 janvier, avec des gel\u00e9es parfois fortes m\u00eame en plaine et des journ\u00e9es sans d\u00e9gel dans certaines zones, rel\u00e8ve <a href=\"https:\/\/www.meteo-paris.com\/actualites\/jusqu-a-quand-le-froid-va-t-il-durer\" target=\"_blank\" rel=\"noopener\">M\u00e9t\u00e9o Paris<\/a>.\u00a0<\/p>\n<p class=\" wall-content\">Dans ce contexte, la neige pourrait \u00eatre pr\u00e9sente jusqu\u2019en plaine entre ce week-end et au moins milieu de semaine prochaine, de mani\u00e8re localement notables.\u00a0<\/p>\n<p class=\" wall-content\">A Paris et en \u00cele-de-France o\u00f9 <a href=\"https:\/\/actu.fr\/meteo\/carte-meteo-a-paris-et-en-ile-de-france-ou-la-neige-pourrait-elle-tomber-ce-samedi_63646235.html\" target=\"_blank\" rel=\"noopener\">il a neig\u00e9 l\u00e9g\u00e8rement<\/a> ce samedi matin, les temp\u00e9ratures tournent autour de 4 \u00b0C. Durant la nuit de samedi \u00e0 dimanche, elles devraient \u00eatre encore tr\u00e8s basses, jusqu\u2019\u00e0 -7\u00b0C \u00e0 Fontainebleau (Seine-et-Marne)? suivies dimanche d\u2019un temps sec mais tr\u00e8s froid avec des maximales autour de 3 \u00b0C.<\/p>\n<p class=\" wall-content\">La vigilance jaune neige et verglas est donc maintenue par <a href=\"https:\/\/actu.fr\/tag\/meteo-france\" target=\"_blank\" rel=\"noopener\">M\u00e9t\u00e9o-France<\/a> dans l\u2019ensemble de la r\u00e9gion, y compris la capitale, ce qui souligne le risque persistant de ph\u00e9nom\u00e8nes glissants sur les routes et trottoirs. Elle devrait \u00eatre de mise jusqu\u2019\u00e0 dimanche aux environs de midi avant de s\u2019interrompre et de reprendre en fin de journ\u00e9e.\u00a0<\/p>\n<p class=\" wall-content\">Apr\u00e8s cette journ\u00e9e tr\u00e8s ensoleill\u00e9e, la neige devrait faire son retour en \u00cele-de-France d\u00e8s lundi matin. Quant aux temp\u00e9ratures, elles devraient rester basses dans la r\u00e9gion jusqu\u2019au milieu de la semaine o\u00f9 une hausse du mercure est pr\u00e9vue.\u00a0<\/p>\n<p class=\" wall-content\">Personnalisez votre actualit\u00e9 en ajoutant vos villes et m\u00e9dias en favori avec <a href=\"https:\/\/moncompte.actu.fr\" title=\"D\u00e9couvez Mon Actu\" rel=\"nofollow noopener\" data-trk=\"{&quot;cta&quot;:{&quot;action&quot;:&quot;https:\\\/\\\/moncompte.actu.fr&quot;,&quot;category&quot;:&quot;mon compte&quot;,&quot;from&quot;:&quot;article footer&quot;,&quot;name&quot;:&quot;Mon actu&quot;,&quot;type&quot;:&quot;cta&quot;}}\" target=\"_blank\">Mon Actu<\/a>.<\/p>\n","protected":false},"excerpt":{"rendered":"Par R\u00e9daction Paris Publi\u00e9 le 3 janv. 2026 \u00e0 16h12 L\u2019hiver\u00a0 continue de frapper Paris et l\u2019\u00cele-de-France. Les&hellip;\n","protected":false},"author":2,"featured_media":638628,"comment_status":"","ping_status":"","sticky":false,"template":"","format":"standard","meta":{"footnotes":""},"categories":[1592],"tags":[1111,11,1777,674,1011,27,3447,662,2487,2357,10584,12,626,25],"class_list":{"0":"post-638627","1":"post","2":"type-post","3":"status-publish","4":"format-standard","5":"has-post-thumbnail","7":"category-ile-de-france","8":"tag-actu","9":"tag-actualites","10":"tag-eu","11":"tag-europe","12":"tag-fr","13":"tag-france","14":"tag-froid","15":"tag-ile-de-france","16":"tag-meteo","17":"tag-meteo-france","18":"tag-neige","19":"tag-news","20":"tag-paris","21":"tag-republique-francaise"},"share_on_mastodon":{"url":"https:\/\/pubeurope.com\/@fr\/115832118608069731","error":""},"_links":{"self":[{"href":"https:\/\/www.europesays.com\/fr\/wp-json\/wp\/v2\/posts\/638627","targetHints":{"allow":["GET"]}}],"collection":[{"href":"https:\/\/www.europesays.com\/fr\/wp-json\/wp\/v2\/posts"}],"about":[{"href":"https:\/\/www.europesays.com\/fr\/wp-json\/wp\/v2\/types\/post"}],"author":[{"embeddable":true,"href":"https:\/\/www.europesays.com\/fr\/wp-json\/wp\/v2\/users\/2"}],"replies":[{"embeddable":true,"href":"https:\/\/www.europesays.com\/fr\/wp-json\/wp\/v2\/comments?post=638627"}],"version-history":[{"count":0,"href":"https:\/\/www.europesays.com\/fr\/wp-json\/wp\/v2\/posts\/638627\/revisions"}],"wp:featuredmedia":[{"embeddable":true,"href":"https:\/\/www.europesays.com\/fr\/wp-json\/wp\/v2\/media\/638628"}],"wp:attachment":[{"href":"https:\/\/www.europesays.com\/fr\/wp-json\/wp\/v2\/media?parent=638627"}],"wp:term":[{"taxonomy":"category","embeddable":true,"href":"https:\/\/www.europesays.com\/fr\/wp-json\/wp\/v2\/categories?post=638627"},{"taxonomy":"post_tag","embeddable":true,"href":"https:\/\/www.europesays.com\/fr\/wp-json\/wp\/v2\/tags?post=638627"}],"curies":[{"name":"wp","href":"https:\/\/api.w.org\/{rel}","templated":true}]}}