{"id":638632,"date":"2026-01-03T16:32:12","date_gmt":"2026-01-03T16:32:12","guid":{"rendered":"https:\/\/www.europesays.com\/fr\/638632\/"},"modified":"2026-01-03T16:32:12","modified_gmt":"2026-01-03T16:32:12","slug":"quinte-du-dimanche-4-janvier-2026-a-vincennes-les-pronostics","status":"publish","type":"post","link":"https:\/\/www.europesays.com\/fr\/638632\/","title":{"rendered":"Quint\u00e9 du dimanche 4 janvier 2026 \u00e0 Vincennes : les pronostics"},"content":{"rendered":"<p class=\"article-p mdl\">Retrouvez les pronostics de Dominique Cordier pour le Quint\u00e9 du dimanche 4 janvier 2026 \u00e0 Vincennes, le Prix de Lille. Trot attel\u00e9. <strong>D\u00e9part \u00e0 15h15. 16 partants. <\/strong>Course europ\u00e9enne. 2.100 m\u00e8tres. Grande piste. D\u00e9part \u00e0 l\u2019autostart. Trotteurs de 6 \u00e0 11 ans.&#13;<\/p>\n<p class=\"article-p mdl\">La course est superbe, avec un favori de luxe, le <strong>2 Cobra Killer Gar<\/strong>, qui, outre le fait qu\u2019il est le plus riche de l\u2019\u00e9preuve, a remport\u00e9 13 de ses 16 derni\u00e8res courses.&#13;<\/p>\n<p class=\"article-p mdl\">Associ\u00e9 ici \u00e0 Eric Raffin, c\u2019est \u00e9videmment le cheval \u00e0 battre.&#13;<\/p>\n<p class=\"article-p mdl\">On peut ensuite racheter le <strong>3 Ksar<\/strong>, que son parcours de pr\u00e9dilection et bien plac\u00e9 derri\u00e8re la voiture, ainsi que le <strong>10 Powwow<\/strong>, qui vient de faire sa rentr\u00e9e sur la distance classique (par ailleurs trop longue pour lui) et qui est plus titr\u00e9 de la course.&#13;<\/p>\n<p class=\"article-p mdl\">L\u2019outsider de RTL, le <strong>6 Harmony du Rabutin<\/strong>, a d\u00e9j\u00e0 en t\u00eate sa participation au Prix d\u2019Am\u00e9rique du 25 janvier, mais elle n\u2019en poss\u00e8de pas moins beaucoup de vitesse, ayant toujours pris de l\u2019argent sur ce parcours.&#13;<\/p>\n<p class=\"article-p mdl\">Au second rideau, le <strong>12 Jilord Viva <\/strong>est \u00e0 retenir, tout comme le <strong>16 Indy Rock<\/strong>.<\/p>\n<p>            Les pronostics<\/p>\n<p class=\"article-p mdl\">2 Cobra Killer Gar&#13;<br \/>3. Ksar&#13;<br \/>10. Powwow&#13;<br \/>16. Indy Rock&#13;<br \/>6. Harmony du Rabutin&#13;<br \/>9 Happy Danica&#13;<br \/>12. Jilord Viva<\/p>\n<p>            L&rsquo;outsider de RTL<\/p>\n<p class=\"article-p mdl\">6. Harmony du Rabutin<\/p>\n<p>    R\u00e9sultats du vendredi 3 janvier 2026 en nocturne \u00e0 Deauville<\/p>\n<p class=\"article-p mdl\">Le favori de RTL se classe 5e, derri\u00e8re l\u2019outsider de RTL, 3e.<\/p>\n<p>    La r\u00e9daction vous recommande<\/p>\n<p class=\"s-newsletter__title\">\n                L\u2019actualit\u00e9 par la r\u00e9daction de RTL dans votre bo\u00eete mail.\n            <\/p>\n<p class=\"s-newsletter__subtitle\">\n                Gr\u00e2ce \u00e0 votre compte RTL abonnez-vous \u00e0 la newsletter RTL info pour suivre toute l&rsquo;actualit\u00e9 au quotidien\n            <\/p>\n<p>\n                                    Lire la suite\n                                <\/p>\n","protected":false},"excerpt":{"rendered":"Retrouvez les pronostics de Dominique Cordier pour le Quint\u00e9 du dimanche 4 janvier 2026 \u00e0 Vincennes, le Prix&hellip;\n","protected":false},"author":2,"featured_media":3836,"comment_status":"","ping_status":"","sticky":false,"template":"","format":"standard","meta":{"footnotes":""},"categories":[1888],"tags":[11,2621,2622,1777,674,107,2619,1011,27,12,626,2623,362,25],"class_list":{"0":"post-638632","1":"post","2":"type-post","3":"status-publish","4":"format-standard","5":"has-post-thumbnail","7":"category-paris","8":"tag-actualites","9":"tag-chevaux","10":"tag-courses","11":"tag-eu","12":"tag-europe","13":"tag-fil-info","14":"tag-fil-sport","15":"tag-fr","16":"tag-france","17":"tag-news","18":"tag-paris","19":"tag-quinte","20":"tag-replay","21":"tag-republique-francaise"},"share_on_mastodon":{"url":"https:\/\/pubeurope.com\/@fr\/115832130418946509","error":""},"_links":{"self":[{"href":"https:\/\/www.europesays.com\/fr\/wp-json\/wp\/v2\/posts\/638632","targetHints":{"allow":["GET"]}}],"collection":[{"href":"https:\/\/www.europesays.com\/fr\/wp-json\/wp\/v2\/posts"}],"about":[{"href":"https:\/\/www.europesays.com\/fr\/wp-json\/wp\/v2\/types\/post"}],"author":[{"embeddable":true,"href":"https:\/\/www.europesays.com\/fr\/wp-json\/wp\/v2\/users\/2"}],"replies":[{"embeddable":true,"href":"https:\/\/www.europesays.com\/fr\/wp-json\/wp\/v2\/comments?post=638632"}],"version-history":[{"count":0,"href":"https:\/\/www.europesays.com\/fr\/wp-json\/wp\/v2\/posts\/638632\/revisions"}],"wp:featuredmedia":[{"embeddable":true,"href":"https:\/\/www.europesays.com\/fr\/wp-json\/wp\/v2\/media\/3836"}],"wp:attachment":[{"href":"https:\/\/www.europesays.com\/fr\/wp-json\/wp\/v2\/media?parent=638632"}],"wp:term":[{"taxonomy":"category","embeddable":true,"href":"https:\/\/www.europesays.com\/fr\/wp-json\/wp\/v2\/categories?post=638632"},{"taxonomy":"post_tag","embeddable":true,"href":"https:\/\/www.europesays.com\/fr\/wp-json\/wp\/v2\/tags?post=638632"}],"curies":[{"name":"wp","href":"https:\/\/api.w.org\/{rel}","templated":true}]}}