{"id":638633,"date":"2026-01-03T16:33:15","date_gmt":"2026-01-03T16:33:15","guid":{"rendered":"https:\/\/www.europesays.com\/fr\/638633\/"},"modified":"2026-01-03T16:33:15","modified_gmt":"2026-01-03T16:33:15","slug":"direct-stade-francais-castres-le-co-veut-affirmer-ses-ambitions-a-paris-suivez-le-match-de-top-14-en-live","status":"publish","type":"post","link":"https:\/\/www.europesays.com\/fr\/638633\/","title":{"rendered":"DIRECT. Stade Fran\u00e7ais-Castres\u00a0: le CO veut affirmer ses ambitions \u00e0 Paris\u00a0! Suivez le match de Top 14 en live"},"content":{"rendered":"<p>\n                                                                    l&rsquo;essentiel<br \/>\n                                                                Les joueurs de rugby tarnais, aux portes du top 6, entendent confirmer, ce samedi 3\u00a0janvier \u00e0 Paris (16h35, 14e journ\u00e9e), le succ\u00e8s acquis lors de la pr\u00e9c\u00e9dente journ\u00e9e contre Lyon. D\u2019autant que les Parisiens marquent le coup ces derni\u00e8res semaines\u2026\n                            <\/p>\n<p>Les joueurs de rugby du Castres Olympique vont-ils saisir l\u2019opportunit\u00e9, pour ce premier rendez-vous de 2056\u00a0? Ce samedi 3\u00a0janvier, les hommes du CO sont \u00e0 Paris, o\u00f9 ils d\u00e9fient le Stade Fran\u00e7ais, dans le cadre de la 14e journ\u00e9e de Top 14. Des Parisiens qui, au coeur d\u2019une premi\u00e8re partie de saison tr\u00e8s honorable (4es au coup d\u2019envoi de cette journ\u00e9e) connaissent un ralentissement ces derni\u00e8res semaines.<\/p>\n<p>De quoi donner des id\u00e9es aux Tarnais, <a href=\"https:\/\/www.ladepeche.fr\/sports\/resultats-sportifs\/rugby\/top-14\/resultats\" target=\"_blank\" rel=\"noopener\">8es du classement au coup d\u2019envoi de cette journ\u00e9e (33 points) <\/a>et qui esp\u00e8rent s\u2019imposer pour retrouver une place dans le top 6 (\u00e0 seulement 1 point), rang qualificatif pour la phase finale du championnat.<\/p>\n<p>Ces derni\u00e8res semaines, <a href=\"https:\/\/www.ladepeche.fr\/sports\/resultats-sportifs\/rugby\/equipe\/11\/castres\" target=\"_blank\" rel=\"noopener\">les Castrais <\/a>ont \u00e9t\u00e9 branch\u00e9s sur courant alternatif, r\u00e9coltant 4 victoires pour 3 d\u00e9faites lors des 7 rencontres des mois de novembre et d\u00e9cembre. Lors de la derni\u00e8re journ\u00e9e, ils se sont impos\u00e9s contre Lyon, \u00e0 Pierre-Fabre (36-22).<\/p>\n<p><a href=\"https:\/\/www.ladepeche.fr\/sports\/resultats-sportifs\/rugby\/equipe\/17\/stade-francais\" target=\"_blank\" rel=\"noopener\">Les Parisiens<\/a>, eux, n\u2019ont plus gagn\u00e9 en Top 14 depuis le 23\u00a0novembre dernier, et un succ\u00e8s contre Toulon (51-24). Depuis, ils ont encha\u00een\u00e9 deux d\u00e9faites (Clermont, Bayonne) et un r\u00e9sultat nul ((Racing).<\/p>\n","protected":false},"excerpt":{"rendered":"l&rsquo;essentiel Les joueurs de rugby tarnais, aux portes du top 6, entendent confirmer, ce samedi 3\u00a0janvier \u00e0 Paris&hellip;\n","protected":false},"author":2,"featured_media":638634,"comment_status":"","ping_status":"","sticky":false,"template":"","format":"standard","meta":{"footnotes":""},"categories":[1888],"tags":[11,8173,7336,1777,674,1011,27,12,626,25,68796,517,8412],"class_list":{"0":"post-638633","1":"post","2":"type-post","3":"status-publish","4":"format-standard","5":"has-post-thumbnail","7":"category-paris","8":"tag-actualites","9":"tag-castres","10":"tag-castres-olympique","11":"tag-eu","12":"tag-europe","13":"tag-fr","14":"tag-france","15":"tag-news","16":"tag-paris","17":"tag-republique-francaise","18":"tag-rugby-u00e0-xv","19":"tag-sport","20":"tag-tarn"},"share_on_mastodon":{"url":"https:\/\/pubeurope.com\/@fr\/115832134587580206","error":""},"_links":{"self":[{"href":"https:\/\/www.europesays.com\/fr\/wp-json\/wp\/v2\/posts\/638633","targetHints":{"allow":["GET"]}}],"collection":[{"href":"https:\/\/www.europesays.com\/fr\/wp-json\/wp\/v2\/posts"}],"about":[{"href":"https:\/\/www.europesays.com\/fr\/wp-json\/wp\/v2\/types\/post"}],"author":[{"embeddable":true,"href":"https:\/\/www.europesays.com\/fr\/wp-json\/wp\/v2\/users\/2"}],"replies":[{"embeddable":true,"href":"https:\/\/www.europesays.com\/fr\/wp-json\/wp\/v2\/comments?post=638633"}],"version-history":[{"count":0,"href":"https:\/\/www.europesays.com\/fr\/wp-json\/wp\/v2\/posts\/638633\/revisions"}],"wp:featuredmedia":[{"embeddable":true,"href":"https:\/\/www.europesays.com\/fr\/wp-json\/wp\/v2\/media\/638634"}],"wp:attachment":[{"href":"https:\/\/www.europesays.com\/fr\/wp-json\/wp\/v2\/media?parent=638633"}],"wp:term":[{"taxonomy":"category","embeddable":true,"href":"https:\/\/www.europesays.com\/fr\/wp-json\/wp\/v2\/categories?post=638633"},{"taxonomy":"post_tag","embeddable":true,"href":"https:\/\/www.europesays.com\/fr\/wp-json\/wp\/v2\/tags?post=638633"}],"curies":[{"name":"wp","href":"https:\/\/api.w.org\/{rel}","templated":true}]}}