{"id":638636,"date":"2026-01-03T16:35:13","date_gmt":"2026-01-03T16:35:13","guid":{"rendered":"https:\/\/www.europesays.com\/fr\/638636\/"},"modified":"2026-01-03T16:35:13","modified_gmt":"2026-01-03T16:35:13","slug":"guerre-en-ukraine-volodymyr-zelensky-accueille-des-responsables-europeens-allies-a-kiev-actualites","status":"publish","type":"post","link":"https:\/\/www.europesays.com\/fr\/638636\/","title":{"rendered":"Guerre en Ukraine : Volodymyr Zelensky accueille des responsables europ\u00e9ens alli\u00e9s \u00e0 Kiev : Actualit\u00e9s"},"content":{"rendered":"<p class=\"lead \"><strong>Des conseillers \u00e0 la s\u00e9curit\u00e9 nationale de plusieurs pays europ\u00e9ens sont arriv\u00e9s samedi \u00e0 Kiev pour des discussions consacr\u00e9es aux enjeux s\u00e9curitaires et \u00e9conomiques, ainsi qu\u2019\u00e0 la coordination des prochaines \u00e9tapes du soutien \u00e0 l\u2019Ukraine face \u00e0 la Russie.<\/strong><\/p>\n<p class=\"lead \">Les consultations diplomatiques s\u2019acc\u00e9l\u00e8rent dans la capitale ukrainienne. Ce samedi 3 janvier 2026, des responsables europ\u00e9ens charg\u00e9s des questions de s\u00e9curit\u00e9 ont \u00e9t\u00e9 re\u00e7us \u00e0 Kiev, a confirm\u00e9 Roustem Oumerov, n\u00e9gociateur en chef de l\u2019Ukraine, dans un message publi\u00e9 sur Telegram qu&rsquo;pu consulter <a href=\"https:\/\/www.lefigaro.fr\/international\/guerre-en-ukraine-zelensky-recoit-ce-samedi-des-responsables-europeens-allies-a-kiev-20260103\" target=\"_blank\" rel=\"noopener\">Le Figaro<\/a>.<\/p>\n<p class=\"lead \">\u201cDes conseillers \u00e0 la s\u00e9curit\u00e9 nationale de pays europ\u00e9ens sont arriv\u00e9s \u00e0 Kiev\u201d, a-t-il indiqu\u00e9, pr\u00e9cisant que ces \u00e9changes s\u2019inscrivent dans un cadre de travail \u00e9largi avec les alli\u00e9s de l\u2019Ukraine. Selon lui, la journ\u00e9e doit \u00eatre consacr\u00e9e \u00e0 des discussions portant sur \u201cles questions de s\u00e9curit\u00e9 et d\u2019\u00e9conomie\u201d, mais aussi sur l\u2019\u201c\u00e9laboration de documents cadres\u201d et la \u201ccoordination des prochaines \u00e9tapes avec nos partenaires\u201d.<\/p>\n<p>                                                                                                Des discussions strat\u00e9giques avec les alli\u00e9s<\/p>\n<p class=\"lead \">Ces r\u00e9unions interviennent alors que le pr\u00e9sident ukrainien Volodymyr Zelensky multiplie les contacts avec les capitales europ\u00e9ennes afin de maintenir le soutien militaire, financier et politique \u00e0 Kiev. Les conseillers pr\u00e9sents repr\u00e9sentent des pays alli\u00e9s de l\u2019Ukraine, pour la plupart membres de l\u2019OTAN, engag\u00e9s dans l\u2019accompagnement strat\u00e9gique de l\u2019effort ukrainien.<\/p>\n<p class=\"lead \">L\u2019objectif affich\u00e9 est d\u2019harmoniser les positions europ\u00e9ennes sur les garanties de s\u00e9curit\u00e9 \u00e0 long terme et sur la poursuite de l\u2019aide \u00e9conomique, dans un contexte de guerre prolong\u00e9e. Aucun d\u00e9tail n\u2019a \u00e9t\u00e9 communiqu\u00e9 sur l\u2019identit\u00e9 pr\u00e9cise des participants ni sur d\u2019\u00e9ventuelles annonces \u00e0 l\u2019issue des discussions, mais Kiev insiste sur l\u2019importance de cette coordination r\u00e9guli\u00e8re avec ses partenaires occidentaux.<\/p>\n<p class=\"small font-weight-bold text-gray3 \"> publi\u00e9 le 3 janvier \u00e0 15h15, Noah Sdiri, 6medias<\/p>\n<p>                             Partager<\/p>\n","protected":false},"excerpt":{"rendered":"Des conseillers \u00e0 la s\u00e9curit\u00e9 nationale de plusieurs pays europ\u00e9ens sont arriv\u00e9s samedi \u00e0 Kiev pour des discussions&hellip;\n","protected":false},"author":2,"featured_media":638637,"comment_status":"","ping_status":"","sticky":false,"template":"","format":"standard","meta":{"footnotes":""},"categories":[1590],"tags":[11,1777,674,12,220],"class_list":{"0":"post-638636","1":"post","2":"type-post","3":"status-publish","4":"format-standard","5":"has-post-thumbnail","7":"category-ukraine","8":"tag-actualites","9":"tag-eu","10":"tag-europe","11":"tag-news","12":"tag-ukraine"},"share_on_mastodon":{"url":"https:\/\/pubeurope.com\/@fr\/115832142173859035","error":""},"_links":{"self":[{"href":"https:\/\/www.europesays.com\/fr\/wp-json\/wp\/v2\/posts\/638636","targetHints":{"allow":["GET"]}}],"collection":[{"href":"https:\/\/www.europesays.com\/fr\/wp-json\/wp\/v2\/posts"}],"about":[{"href":"https:\/\/www.europesays.com\/fr\/wp-json\/wp\/v2\/types\/post"}],"author":[{"embeddable":true,"href":"https:\/\/www.europesays.com\/fr\/wp-json\/wp\/v2\/users\/2"}],"replies":[{"embeddable":true,"href":"https:\/\/www.europesays.com\/fr\/wp-json\/wp\/v2\/comments?post=638636"}],"version-history":[{"count":0,"href":"https:\/\/www.europesays.com\/fr\/wp-json\/wp\/v2\/posts\/638636\/revisions"}],"wp:featuredmedia":[{"embeddable":true,"href":"https:\/\/www.europesays.com\/fr\/wp-json\/wp\/v2\/media\/638637"}],"wp:attachment":[{"href":"https:\/\/www.europesays.com\/fr\/wp-json\/wp\/v2\/media?parent=638636"}],"wp:term":[{"taxonomy":"category","embeddable":true,"href":"https:\/\/www.europesays.com\/fr\/wp-json\/wp\/v2\/categories?post=638636"},{"taxonomy":"post_tag","embeddable":true,"href":"https:\/\/www.europesays.com\/fr\/wp-json\/wp\/v2\/tags?post=638636"}],"curies":[{"name":"wp","href":"https:\/\/api.w.org\/{rel}","templated":true}]}}