{"id":638638,"date":"2026-01-03T16:36:11","date_gmt":"2026-01-03T16:36:11","guid":{"rendered":"https:\/\/www.europesays.com\/fr\/638638\/"},"modified":"2026-01-03T16:36:11","modified_gmt":"2026-01-03T16:36:11","slug":"gauff-et-team-usa-arrachent-la-victoire-au-double-decisif-face-a-largentine-tennistemple","status":"publish","type":"post","link":"https:\/\/www.europesays.com\/fr\/638638\/","title":{"rendered":"Gauff et Team USA arrachent la victoire au double d\u00e9cisif face \u00e0 l\u2019Argentine \u2022 TennisTemple"},"content":{"rendered":"\n<p>\ud83c\uddf7\ud83c\uddfa \u00ab Je doute qu&rsquo;il puisse gagner un 25e Grand Chelem. C&rsquo;est le plus grand joueur de tous les temps, aucun doute l\u00e0-dessus, mais rivaliser avec ces jeunes joueurs&#8230; Novak n&rsquo;a m\u00eame plus 35 ans, il en a 39 (il les f\u00eatera en mai). Croyez-moi, le corps et le m\u00e9tabolisme ne permettent plus de r\u00e9cup\u00e9rer assez vite ni de bouger comme un joueur plus jeune.<\/p>\n<p>Personne ne peut battre la nature. \u00c0 39 ans, on&#8230;<\/p>\n<p> <a href=\"https:\/\/fr.tennistemple.com\/LaChaineTT\/post\/37060715\/je-doute-quil-puisse-gagner-un-25e-grand-chelem\/\" class=\"expand\" target=\"_blank\" rel=\"noopener\">Lire en entier<\/a> <\/p>\n","protected":false},"excerpt":{"rendered":"\ud83c\uddf7\ud83c\uddfa \u00ab Je doute qu&rsquo;il puisse gagner un 25e Grand Chelem. C&rsquo;est le plus grand joueur de tous&hellip;\n","protected":false},"author":2,"featured_media":638639,"comment_status":"","ping_status":"","sticky":false,"template":"","format":"standard","meta":{"footnotes":""},"categories":[1589],"tags":[11,73,1866,12,1864,1865,1863,308],"class_list":{"0":"post-638638","1":"post","2":"type-post","3":"status-publish","4":"format-standard","5":"has-post-thumbnail","7":"category-etats-unis","8":"tag-actualites","9":"tag-etats-unis","10":"tag-etats-unis-damerique","11":"tag-news","12":"tag-united-states","13":"tag-united-states-of-america","14":"tag-us","15":"tag-usa"},"share_on_mastodon":{"url":"https:\/\/pubeurope.com\/@fr\/115832146490698159","error":""},"_links":{"self":[{"href":"https:\/\/www.europesays.com\/fr\/wp-json\/wp\/v2\/posts\/638638","targetHints":{"allow":["GET"]}}],"collection":[{"href":"https:\/\/www.europesays.com\/fr\/wp-json\/wp\/v2\/posts"}],"about":[{"href":"https:\/\/www.europesays.com\/fr\/wp-json\/wp\/v2\/types\/post"}],"author":[{"embeddable":true,"href":"https:\/\/www.europesays.com\/fr\/wp-json\/wp\/v2\/users\/2"}],"replies":[{"embeddable":true,"href":"https:\/\/www.europesays.com\/fr\/wp-json\/wp\/v2\/comments?post=638638"}],"version-history":[{"count":0,"href":"https:\/\/www.europesays.com\/fr\/wp-json\/wp\/v2\/posts\/638638\/revisions"}],"wp:featuredmedia":[{"embeddable":true,"href":"https:\/\/www.europesays.com\/fr\/wp-json\/wp\/v2\/media\/638639"}],"wp:attachment":[{"href":"https:\/\/www.europesays.com\/fr\/wp-json\/wp\/v2\/media?parent=638638"}],"wp:term":[{"taxonomy":"category","embeddable":true,"href":"https:\/\/www.europesays.com\/fr\/wp-json\/wp\/v2\/categories?post=638638"},{"taxonomy":"post_tag","embeddable":true,"href":"https:\/\/www.europesays.com\/fr\/wp-json\/wp\/v2\/tags?post=638638"}],"curies":[{"name":"wp","href":"https:\/\/api.w.org\/{rel}","templated":true}]}}