{"id":638642,"date":"2026-01-03T16:38:14","date_gmt":"2026-01-03T16:38:14","guid":{"rendered":"https:\/\/www.europesays.com\/fr\/638642\/"},"modified":"2026-01-03T16:38:14","modified_gmt":"2026-01-03T16:38:14","slug":"tennis-united-cup-lallemagne-de-zverev-demarre-ce-dimanche-horaires-et-diffusion-tv","status":"publish","type":"post","link":"https:\/\/www.europesays.com\/fr\/638642\/","title":{"rendered":"Tennis. United Cup &#8211; L&rsquo;Allemagne de Zverev d\u00e9marre ce dimanche : horaires et diffusion TV"},"content":{"rendered":"<p>Titr\u00e9e en 2024, l&rsquo;\u00e9quipe allemande, emmen\u00e9e par le num\u00e9ro 3 mondial <strong><a href=\"https:\/\/www.tennisactu.net\/..\/\" target=\"_blank\" rel=\"noopener\">Alexander Zverev<\/a><\/strong> et soutenue par <strong>Eva Lys<\/strong>, affrontera les <strong>Pays-Bas<\/strong> \u00e0 <strong>Sydney<\/strong> ce dimanche 4 janvier \u00e0 la<strong> <a href=\"https:\/\/www.tennisactu.net\/..\/news-united-cup-malgre-la-perf-de-casper-ruud-l-australie-domine-la-norvege-121005.html\" target=\"_blank\" rel=\"noopener\">United Cup<\/a><\/strong>. Le programme est all\u00e9chant : apr\u00e8s le match f\u00e9minin opposant <strong>Eva Lys <\/strong>\u00e0 <strong>Suzan Lamens<\/strong>, les regards se tourneront vers le match masculin entre <strong>Zverev <\/strong>et <strong>Tallon Griekspoor<\/strong>. Avec la Pologne d&rsquo;<strong><a href=\"https:\/\/www.tennisactu.net\/..\/news-united-cup-swiatek-pas-tendre-avec-sabalenka-et-kyrgios-juste-un-spectacle-121000.html\" target=\"_blank\" rel=\"noopener\">Iga Swiatek<\/a><\/strong> dans le groupe, l&#8217;emporter ce dimanche s&rsquo;av\u00e8re d\u00e9j\u00e0 tr\u00e8s important.<\/p>\n<p>Vid\u00e9o &#8211; L&rsquo;arriv\u00e9e des joueurs en Australie pour la United Cup Lire la suite de l&rsquo;article&#13;<\/p>\n<p>\u00a0<\/p>\n<p>&#13;<br \/>\nSur quelle cha\u00eene regarder Allemagne-Pays-Bas ce dimanche 4 janvier 2026 ?&#13;<\/p>\n<p>En France, la\u00a0<strong>United Cup<\/strong>\u00a0est diffus\u00e9e sur\u00a0<strong>Eurosport<\/strong>. Dimanche 4 janvier, d\u00e8s 00h30 du matin en France, les matchs d\u00e9buteront.<\/p>\n<p>&#13;<\/p>\n<p>\u00a0<\/p>\n<p>&#13;<br \/>\nLe programme de la rencontre Allemagne &#8211; Pays-Bas :&#13;<\/p>\n<p><strong>SYDNEY \u2013 Groupe F \u2013 Allemagne &#8211; Pays-Bas<\/strong>\u00a0(jour,\u00a0<strong>10h30 Sydney \/ 00h30 Paris<\/strong>)<\/p>\n<p>&#13;<\/p>\n<p>Eva Lys &#8211; Suzan Lamens<\/p>\n<p>&#13;<\/p>\n<p>Alexander Zverev &#8211; Tallon Griekspoor<\/p>\n<p>&#13;<\/p>\n<p>Double mixte<\/p>\n<p>&#13;<\/p>\n<p>\u00a0<\/p>\n<p>&#13;<br \/>\nLes groupes (United Cup 2026)&#13;<\/p>\n<p><strong>PERTH<\/strong><\/p>\n<p>&#13;<\/p>\n<ul>&#13;<\/p>\n<li>&#13;\n<p><strong>Groupe A<\/strong>\u00a0: \u00c9tats-Unis, Espagne, Argentine<\/p>\n<p>&#13;\n<\/li>\n<p>&#13;<\/p>\n<li>&#13;\n<p><strong>Groupe C<\/strong>\u00a0: Italie,\u00a0<strong>France<\/strong>, Suisse<\/p>\n<p>&#13;\n<\/li>\n<p>&#13;<\/p>\n<li>&#13;\n<p><strong>Groupe E<\/strong>\u00a0: Grande-Bretagne, Gr\u00e8ce, Japon\u00a0\u00a0<\/p>\n<p>&#13;\n<\/li>\n<p>&#13;\n<\/ul>\n<p>&#13;<\/p>\n<p><strong>SYDNEY<\/strong><\/p>\n<p>&#13;<\/p>\n<ul>&#13;<\/p>\n<li>&#13;\n<p><strong>Groupe B<\/strong>\u00a0: Canada, Belgique, Chine<\/p>\n<p>&#13;\n<\/li>\n<p>&#13;<\/p>\n<li>&#13;\n<p><strong>Groupe D<\/strong>\u00a0: Australie, Tch\u00e9quie, Norv\u00e8ge<\/p>\n<p>&#13;\n<\/li>\n<p>&#13;<\/p>\n<li>&#13;\n<p><strong>Groupe F<\/strong>\u00a0: Allemagne, Pologne, Pays-Bas\u00a0<\/p>\n<p>&#13;\n<\/li>\n<p>&#13;\n<\/ul>\n<p>&#13;<\/p>\n<p>\u00a0<\/p>\n<p>&#13;<br \/>\nLES EFFECTIFS DE LA UNITED CUP 2026&#13;<\/p>\n<p><strong>ALLEMAGNE<\/strong><\/p>\n<p>&#13;<\/p>\n<ul>&#13;<\/p>\n<li>&#13;\n<p>Hommes : Alexander Zverev, Patrick Zahraj, Kevin Krawietz<\/p>\n<p>&#13;\n<\/li>\n<p>&#13;<\/p>\n<li>&#13;\n<p>Femmes : Eva Lys, Laura Siegemund, Mina Hodzic<\/p>\n<p>&#13;\n<\/li>\n<p>&#13;\n<\/ul>\n<p>&#13;<\/p>\n<p><strong>PAYS-BAS<\/strong><\/p>\n<p>&#13;<\/p>\n<ul>&#13;<\/p>\n<li>&#13;\n<p>Hommes : Tallon Griekspoor, Guy Den Ouden, David Pel<\/p>\n<p>&#13;\n<\/li>\n<p>&#13;<\/p>\n<li>&#13;\n<p>Femmes : Suzan Lamens, Eva Vedder, Demi Schuurs<\/p>\n<p>&#13;\n<\/li>\n<p>&#13;\n<\/ul>\n","protected":false},"excerpt":{"rendered":"Titr\u00e9e en 2024, l&rsquo;\u00e9quipe allemande, emmen\u00e9e par le num\u00e9ro 3 mondial Alexander Zverev et soutenue par Eva Lys,&hellip;\n","protected":false},"author":2,"featured_media":638643,"comment_status":"","ping_status":"","sticky":false,"template":"","format":"standard","meta":{"footnotes":""},"categories":[1587],"tags":[47,11,672,4169,1804,1805,1803,1777,674,1801,955,12,1802,1467,74388,4170],"class_list":{"0":"post-638642","1":"post","2":"type-post","3":"status-publish","4":"format-standard","5":"has-post-thumbnail","7":"category-allemagne","8":"tag-actualite","9":"tag-actualites","10":"tag-allemagne","11":"tag-atp","12":"tag-bundesrepublik-deutschland","13":"tag-de","14":"tag-deutschland","15":"tag-eu","16":"tag-europe","17":"tag-germany","18":"tag-match","19":"tag-news","20":"tag-republique-federale-dallemagne","21":"tag-tennis","22":"tag-united-cup","23":"tag-wta"},"share_on_mastodon":{"url":"https:\/\/pubeurope.com\/@fr\/115832154014286721","error":""},"_links":{"self":[{"href":"https:\/\/www.europesays.com\/fr\/wp-json\/wp\/v2\/posts\/638642","targetHints":{"allow":["GET"]}}],"collection":[{"href":"https:\/\/www.europesays.com\/fr\/wp-json\/wp\/v2\/posts"}],"about":[{"href":"https:\/\/www.europesays.com\/fr\/wp-json\/wp\/v2\/types\/post"}],"author":[{"embeddable":true,"href":"https:\/\/www.europesays.com\/fr\/wp-json\/wp\/v2\/users\/2"}],"replies":[{"embeddable":true,"href":"https:\/\/www.europesays.com\/fr\/wp-json\/wp\/v2\/comments?post=638642"}],"version-history":[{"count":0,"href":"https:\/\/www.europesays.com\/fr\/wp-json\/wp\/v2\/posts\/638642\/revisions"}],"wp:featuredmedia":[{"embeddable":true,"href":"https:\/\/www.europesays.com\/fr\/wp-json\/wp\/v2\/media\/638643"}],"wp:attachment":[{"href":"https:\/\/www.europesays.com\/fr\/wp-json\/wp\/v2\/media?parent=638642"}],"wp:term":[{"taxonomy":"category","embeddable":true,"href":"https:\/\/www.europesays.com\/fr\/wp-json\/wp\/v2\/categories?post=638642"},{"taxonomy":"post_tag","embeddable":true,"href":"https:\/\/www.europesays.com\/fr\/wp-json\/wp\/v2\/tags?post=638642"}],"curies":[{"name":"wp","href":"https:\/\/api.w.org\/{rel}","templated":true}]}}