{"id":638664,"date":"2026-01-03T16:53:10","date_gmt":"2026-01-03T16:53:10","guid":{"rendered":"https:\/\/www.europesays.com\/fr\/638664\/"},"modified":"2026-01-03T16:53:10","modified_gmt":"2026-01-03T16:53:10","slug":"bien-plus-que-des-images-ainhoa-lahitete-la-miss-aquitaine-destituee-devoile-une-video-inattendue","status":"publish","type":"post","link":"https:\/\/www.europesays.com\/fr\/638664\/","title":{"rendered":"\u201cBien plus que des images\u201d : Ainhoa Lahitete, la Miss Aquitaine destitu\u00e9e, d\u00e9voile une vid\u00e9o inattendue"},"content":{"rendered":"<p>Pour rappel, cette histoire a pris place juste apr\u00e8s l\u2019annonce<br \/>\ndu <strong>Top 12 de Miss France 2026<\/strong>. Dans une<br \/>\nvid\u00e9o qui a rapidement fait le buzz des coulisses, les internautes<br \/>\nont vu <a href=\"https:\/\/www.closermag.fr\/people\/je-ne-sors-plus-jai-peur-ainhoa-lahitete-la-miss-aquitaine-destituee-vit-un-veritable-calvaire-3608360\" target=\"_blank\" rel=\"noopener\"><br \/>\nAinhoa Lahitete<\/a> s\u2019exprimer \u00ab\u00a0\u00e0 chaud\u00a0\u00bb. D\u00e9\u00e7ue, elle<br \/>\navait lanc\u00e9 face cam\u00e9ra : \u00ab\u00a0D\u00e9sol\u00e9e, mais<br \/>\n<strong>qu\u2019est-ce que c\u2019est que ce top 12<\/strong><br \/>\n?\u00a0\u00bb. A ses c\u00f4t\u00e9s, <a href=\"https:\/\/www.closermag.fr\/tv_tele_realite\/miss_france\/julie-zitouni-la-miss-provence-destituee-sort-enfin-du-silence-et-devoile-des-images-inedites-3608296\" target=\"_blank\" rel=\"noopener\"><br \/>\nJulie Zitouni<\/a> avait insult\u00e9 certaines concurrentes. Les<br \/>\ncons\u00e9quences ne se sont pas faites attendre puisque les deux<br \/>\ncandidates ont \u00e9t\u00e9 <strong>destitu\u00e9es de leurs titres<\/strong> par<br \/>\nleurs comit\u00e9s r\u00e9gionaux.<\/p>\n<p>Apr\u00e8s cette lourde d\u00e9cision, Ainhoa Lahitete avait \u00e9voqu\u00e9<br \/>\n<strong>une trahison<\/strong>. Le 2 janvier dernier, <a href=\"https:\/\/www.closermag.fr\/tv_tele_realite\/miss_france\/miss-aquitaine-destituee-apres-ses-propos-polemiques-le-nom-de-sa-remplacante-devoilee-enfin-pas-vraiment-3604543\" target=\"_blank\" rel=\"noopener\"><br \/>\nla Miss Aquitaine destitu\u00e9e<\/a> s\u2019est empar\u00e9e d\u2019Instagram pour<br \/>\npublier une vid\u00e9o inattendue. Vid\u00e9o reprenant plusieurs clich\u00e9s de<br \/>\nson parcours \u00e0 <strong>Miss France<\/strong>, <strong>la<br \/>\njeune femme de 19 ans<\/strong> en a profit\u00e9 pour l\u2019accompagner d\u2019un<br \/>\nlong message. \u00ab\u00a0Cette vid\u00e9o, c\u2019est bien plus que des images.<br \/>\nC\u2019est <strong>une aventure humaine<br \/>\nincroyable<\/strong>, intense, vraie, que je garderai toute<br \/>\nma vie\u00a0\u00bb, \u00e9crit-elle, reconnaissante envers son parcours.<\/p>\n<p>Ainhoa Lahitete : bless\u00e9e par ce qui s\u2019est pass\u00e9 !<\/p>\n<p>S\u2019adressant aux autres candidates de <a href=\"https:\/\/www.telestar.fr\/people\/exclu-miss-france-2026-ce-nest-pas-ce-quil-projetait-hinaupoko-deveze-sans-filtre-sur-son-pere-1747914\" target=\"_blank\" rel=\"noopener\"><br \/>\nMiss France<\/a> qui ont partag\u00e9 cette aventure avec elle,<br \/>\n<strong>Ainhoa Lahitete<\/strong> \u00e9crit : \u00ab\u00a0On sait ce qu\u2019on a<br \/>\nv\u00e9cu, ce qu\u2019on a travers\u00e9, ce qu\u2019on a donn\u00e9. Et \u00e7a, personne ne<br \/>\npourra nous l\u2019enlever\u00a0\u00bb. Revenant sur la pol\u00e9mique \u00ab\u00a0qui m\u2019a<br \/>\nprofond\u00e9ment affect\u00e9e\u00a0\u00bb, elle confie avec amertume : \u00ab\u00a0Une<br \/>\nsituation qui m\u2019a fait \u00e9norm\u00e9ment de mal, et qui m\u2019a rappel\u00e9 \u00e0 quel<br \/>\npoint <strong>les r\u00e9seaux sociaux peuvent \u00eatre violents et<br \/>\ninjustes<\/strong> !\u00a0\u00bb.<\/p>\n<p>\u00ab\u00a0\u00catre jug\u00e9e, critiqu\u00e9e, r\u00e9duite \u00e0 quelques secondes de vid\u00e9o<br \/>\nsorties de leur contexte, alors que ce n\u2019est pas la r\u00e9alit\u00e9\u2026 \u00e7a<br \/>\nfait mal. Tr\u00e8s mal\u00a0\u00bb, poursuit-elle. Toujours marqu\u00e9e par cette<br \/>\nhistoire, la reine de beaut\u00e9 affirme qu\u2019il y a \u00ab\u00a0<strong>des<br \/>\nc\u0153urs<\/strong>\u00a0\u00bb derri\u00e8re les \u00e9crans. \u00ab\u00a0Beaucoup de gens<br \/>\nont <strong>parl\u00e9, interpr\u00e9t\u00e9, jug\u00e9<\/strong>\u2026<br \/>\nsans savoir\u00a0\u00bb, \u00e9crit-elle.<\/p>\n<blockquote class=\"instagram-media\" style=\"background: #ffffff;border: 0;margin: 1px;width: 100%;padding: 0;max-width: 500px;\" data-instgrm-permalink=\"https:\/\/www.instagram.com\/reel\/DTBa1sYCHxx\/?utm_source=ig_web_copy_link&amp;igsh=NTc4MTIwNjQ2YQ==\" data-instgrm-version=\"14\"\/><p>\nAinhoa Lahitete : \u00ab\u00a0Mais je n\u2019ai que<br \/>\n19ans\u2026\u00a0\u00bb<\/p>\n<p>Dans son \u00e9lan, <strong>Ainhoa Lahitete<\/strong> d\u00e9plore toute<br \/>\ncette situation. \u00ab\u00a0On entend souvent dire que quand on est<br \/>\nexpos\u00e9, quand on est une \u201cpersonnalit\u00e9 publique\u201d (depuis 2 mois \u00e0<br \/>\npeine pour ma part), on doit <strong>toujours avoir la<br \/>\nbonne posture<\/strong>, la bonne r\u00e9action, le bon<br \/>\ncomportement\u00a0\u00bb. \u00ab\u00a0Mais malgr\u00e9 tout \u00e7a, <strong>on<br \/>\nreste des \u00eatres humains<\/strong>. Et personne n\u2019est<br \/>\nvraiment pr\u00e9par\u00e9 \u00e0 ce genre de pression en si peu de temps\u00a0\u00bb,<br \/>\nconfie-t-elle.<\/p>\n<p>\u00ab\u00a0Cette vid\u00e9o priv\u00e9e qui a circul\u00e9, r\u00e9cup\u00e9r\u00e9e par une<br \/>\npersonne de mon entourage en qui j\u2019avais confiance, et qui l\u2019a<br \/>\nremise entre de mauvaises mains, c\u2019\u00e9tait une r\u00e9action \u00e0 chaud,<br \/>\nregrettable bien s\u00fbr\u00a0\u00bb, souligne-t-elle en expliquant plus loin<br \/>\n: \u00ab\u00a0Ce que je veux dire aujourd\u2019hui, c\u2019est que ce moment ne me<br \/>\nd\u00e9finit pas, ne d\u00e9finit personne. <strong>Je ne suis pas<br \/>\nparfaite<\/strong>, mais je sais qui je suis\u00a0\u00bb.<br \/>\n\u00ab\u00a0Mais je n\u2019ai que 19ans, et des projets \u00e0 venir\u2026\u00a0\u00bb,<br \/>\nconclut-elle son message.<\/p>\n<p><script async src=\"\/\/www.instagram.com\/embed.js\"><\/script><\/p>\n","protected":false},"excerpt":{"rendered":"Pour rappel, cette histoire a pris place juste apr\u00e8s l\u2019annonce du Top 12 de Miss France 2026. Dans&hellip;\n","protected":false},"author":2,"featured_media":638665,"comment_status":"","ping_status":"","sticky":false,"template":"","format":"standard","meta":{"footnotes":""},"categories":[1359],"tags":[21303,58,59,1011,27,70426,973,65861],"class_list":{"0":"post-638664","1":"post","2":"type-post","3":"status-publish","4":"format-standard","5":"has-post-thumbnail","7":"category-people","8":"tag-buzz_nonli","9":"tag-divertissement","10":"tag-entertainment","11":"tag-fr","12":"tag-france","13":"tag-marfeel_news","14":"tag-people","15":"tag-trend"},"share_on_mastodon":{"url":"https:\/\/pubeurope.com\/@fr\/115832213201129511","error":""},"_links":{"self":[{"href":"https:\/\/www.europesays.com\/fr\/wp-json\/wp\/v2\/posts\/638664","targetHints":{"allow":["GET"]}}],"collection":[{"href":"https:\/\/www.europesays.com\/fr\/wp-json\/wp\/v2\/posts"}],"about":[{"href":"https:\/\/www.europesays.com\/fr\/wp-json\/wp\/v2\/types\/post"}],"author":[{"embeddable":true,"href":"https:\/\/www.europesays.com\/fr\/wp-json\/wp\/v2\/users\/2"}],"replies":[{"embeddable":true,"href":"https:\/\/www.europesays.com\/fr\/wp-json\/wp\/v2\/comments?post=638664"}],"version-history":[{"count":0,"href":"https:\/\/www.europesays.com\/fr\/wp-json\/wp\/v2\/posts\/638664\/revisions"}],"wp:featuredmedia":[{"embeddable":true,"href":"https:\/\/www.europesays.com\/fr\/wp-json\/wp\/v2\/media\/638665"}],"wp:attachment":[{"href":"https:\/\/www.europesays.com\/fr\/wp-json\/wp\/v2\/media?parent=638664"}],"wp:term":[{"taxonomy":"category","embeddable":true,"href":"https:\/\/www.europesays.com\/fr\/wp-json\/wp\/v2\/categories?post=638664"},{"taxonomy":"post_tag","embeddable":true,"href":"https:\/\/www.europesays.com\/fr\/wp-json\/wp\/v2\/tags?post=638664"}],"curies":[{"name":"wp","href":"https:\/\/api.w.org\/{rel}","templated":true}]}}