{"id":638666,"date":"2026-01-03T16:54:10","date_gmt":"2026-01-03T16:54:10","guid":{"rendered":"https:\/\/www.europesays.com\/fr\/638666\/"},"modified":"2026-01-03T16:54:10","modified_gmt":"2026-01-03T16:54:10","slug":"des-cliches-du-siecle-dernier-superposes-avec-des-photos-daujourdhui","status":"publish","type":"post","link":"https:\/\/www.europesays.com\/fr\/638666\/","title":{"rendered":"des clich\u00e9s du si\u00e8cle dernier superpos\u00e9s avec des photos d&rsquo;aujourd&rsquo;hui"},"content":{"rendered":"<p>                    Par<br \/>\n        <strong><br \/>\n            <a href=\"https:\/\/actu.fr\/auteur\/redaction-cotebrest\" title=\"Consulter tous les articles de R\u00e9daction C\u00f4t\u00e9 Brest\" target=\"_blank\" rel=\"noopener\">R\u00e9daction C\u00f4t\u00e9 Brest<\/a><br \/>\n                    <\/strong><\/p>\n<p>        Publi\u00e9 le<\/p>\n<p>            3 janv. 2026 \u00e0 10h43        <\/p>\n<p>L\u2019<b>exposition photographique<\/b> propos\u00e9e par les Archives municipales, Brest vu du ciel 1975-2025, dans les <a href=\"https:\/\/actu.fr\/tag\/ateliers-des-capucins\" target=\"_blank\" rel=\"noopener\">ateliers des Capucins<\/a>, met en perspective <b>deux clich\u00e9s captur\u00e9s <\/b>\u00e0 des\u00a0<b>p\u00e9riodes diff\u00e9rentes<\/b>. Le premier \u00e0 la fin du si\u00e8cle dernier par <b>Robert Gernot<\/b>, le second pile au premier quart du XXIe\u00a0si\u00e8cle par <b>Julien Creff<\/b>.<\/p>\n<p class=\" wall-content\"><b>21 panneaux<\/b> montrant \u00e0 chaque fois deux <a href=\"https:\/\/actu.fr\/tag\/photographie\" target=\"_blank\" rel=\"noopener\">photographies<\/a> a\u00e9riennes (prises \u00e0 bord d\u2019un avion pour les premi\u00e8res, avec un drone pour les secondes) sont ainsi \u00e0 d\u00e9couvrir, du Polygone de 1976 \u00e0 celui de 2025, du Moulin-Blanc de 1984 ou 1999 et aujourd\u2019hui, de la place de la Libert\u00e9 en\u00a01985 et\u00a01999\u2026 L\u2019occasion de mesurer comment le <a href=\"https:\/\/actu.fr\/tag\/brest-metropole\" target=\"_blank\" rel=\"noopener\">territoire brestois<\/a> a rapidement chang\u00e9.<\/p>\n<p class=\" wall-content\">Nous vous avions pr\u00e9sent\u00e9 cette exposition dans un pr\u00e9c\u00e9dent article\u2009:<\/p>\n<p class=\" wall-content\">D\u00e9couvrez une <b>s\u00e9lection d\u2019avant\/apr\u00e8s<\/b> ci-dessous\u2009:<\/p>\n<p>L\u2019H\u00d4PITAL DE LA CAVALE BLANCHE1993 \u2013 2025<br \/>\n    <a href=\"https:\/\/cdn.knightlab.com\/libs\/juxtapose\/latest\/embed\/index.html?uid=f970b784-e432-11f0-ba1b-0e6f42328d7d\" title=\"Ouvrie le lien\" target=\"_blank\" rel=\"noopener\">Cliquez ici pour visualiser le contenu<\/a><\/p>\n<p>Vid\u00e9os : en ce moment sur ActuLA FACULT\u00c9 VICTOR-SEGALEN1992 \u2013 2025<br \/>\n    <a href=\"https:\/\/cdn.knightlab.com\/libs\/juxtapose\/latest\/embed\/index.html?uid=dd01eae2-e422-11f0-ba1b-0e6f42328d7d\" title=\"Ouvrie le lien\" target=\"_blank\" rel=\"noopener\">Cliquez ici pour visualiser le contenu<\/a><\/p>\n<p>LA PLACE DE LA LIBERT\u00c91988 \u2013 2025<br \/>\n    <a href=\"https:\/\/cdn.knightlab.com\/libs\/juxtapose\/latest\/embed\/index.html?uid=467359d6-e426-11f0-ba1b-0e6f42328d7d\" title=\"Ouvrie le lien\" target=\"_blank\" rel=\"noopener\">Cliquez ici pour visualiser le contenu<\/a><\/p>\n<p>Votre r\u00e9gion, votre actu !<\/p>\n<p>Recevez chaque jour les infos qui comptent pour vous.<\/p>\n<p>\t<a href=\"https:\/\/actu.fr\/newsletter\" class=\"ac-btn ac-btn--corner ac-btn--medium ac-btn--blue800\" target=\"_blank\" rel=\"noopener\">S&rsquo;incrire<\/a><br \/>\nBAS DE SIAM1999 \u2013 2025<br \/>\n    <a href=\"https:\/\/cdn.knightlab.com\/libs\/juxtapose\/latest\/embed\/index.html?uid=61976832-e427-11f0-ba1b-0e6f42328d7d\" title=\"Ouvrie le lien\" target=\"_blank\" rel=\"noopener\">Cliquez ici pour visualiser le contenu<\/a><\/p>\n<p>LE PLATEAU DES CAPUCINS1994 \u2013 2025<br \/>\n    <a href=\"https:\/\/cdn.knightlab.com\/libs\/juxtapose\/latest\/embed\/index.html?uid=7bf04f7c-e428-11f0-ba1b-0e6f42328d7d\" title=\"Ouvrie le lien\" target=\"_blank\" rel=\"noopener\">Cliquez ici pour visualiser le contenu<\/a><\/p>\n<p>LE PONT DE L\u2019IROISE1993 \u2013 2025<br \/>\n    <a href=\"https:\/\/cdn.knightlab.com\/libs\/juxtapose\/latest\/embed\/index.html?uid=5a409a2a-e429-11f0-ba1b-0e6f42328d7d\" title=\"Ouvrie le lien\" target=\"_blank\" rel=\"noopener\">Cliquez ici pour visualiser le contenu<\/a><\/p>\n<p>L\u2019A\u00c9ROPORT BREST BRETAGNE1988 \u2013 2025<br \/>\n    <a href=\"https:\/\/cdn.knightlab.com\/libs\/juxtapose\/latest\/embed\/index.html?uid=2375c186-e42a-11f0-ba1b-0e6f42328d7d\" title=\"Ouvrie le lien\" target=\"_blank\" rel=\"noopener\">Cliquez ici pour visualiser le contenu<\/a><\/p>\n<p>LE MOULIN-BLANC1984 \u2013 2025<br \/>\n    <a href=\"https:\/\/cdn.knightlab.com\/libs\/juxtapose\/latest\/embed\/index.html?uid=18cf267c-e42b-11f0-ba1b-0e6f42328d7d\" title=\"Ouvrie le lien\" target=\"_blank\" rel=\"noopener\">Cliquez ici pour visualiser le contenu<\/a><\/p>\n<p>LE TECHNOPOLE BREST IROISE1992 \u2013 2025<br \/>\n    <a href=\"https:\/\/cdn.knightlab.com\/libs\/juxtapose\/latest\/embed\/index.html?uid=f0c5fbbe-e42b-11f0-ba1b-0e6f42328d7d\" title=\"Ouvrie le lien\" target=\"_blank\" rel=\"noopener\">Cliquez ici pour visualiser le contenu<\/a><\/p>\n<p>LA CAVALE BLANCHE1989 \u2013 2025<br \/>\n    <a href=\"https:\/\/cdn.knightlab.com\/libs\/juxtapose\/latest\/embed\/index.html?uid=0c04a8e2-e42e-11f0-ba1b-0e6f42328d7d\" title=\"Ouvrie le lien\" target=\"_blank\" rel=\"noopener\">Cliquez ici pour visualiser le contenu<\/a><\/p>\n<p>KERGARADEC1990 \u2013 2025<br \/>\n    <a href=\"https:\/\/cdn.knightlab.com\/libs\/juxtapose\/latest\/embed\/index.html?uid=12e00ee6-e42d-11f0-ba1b-0e6f42328d7d\" title=\"Ouvrie le lien\" target=\"_blank\" rel=\"noopener\">Cliquez ici pour visualiser le contenu<\/a><\/p>\n<p class=\" wall-content\"><b>Pour d\u00e9couvrir la vue d\u2019ensemble des photos, cliquer sur la fl\u00e8che centrale et glisser vers la gauche ou vers la droite.<\/b><\/p>\n<p>Exposition Brest vu du ciel jusqu\u2019au 4\u00a0janvier 2026, passage des Arp\u00e8tes dans les ateliers des Capucins, 25 rue de Pontaniou \u00e0 Brest. <a href=\"https:\/\/www.ateliersdescapucins.fr\" target=\"_blank\" rel=\"noopener\">www.ateliersdescapucins.fr<\/a>\/ C\u2019est gratuit.<\/p>\n<p class=\" wall-content\">Personnalisez votre actualit\u00e9 en ajoutant vos villes et m\u00e9dias en favori avec <a href=\"https:\/\/moncompte.actu.fr\" title=\"D\u00e9couvez Mon Actu\" rel=\"nofollow noopener\" data-trk=\"{&quot;cta&quot;:{&quot;action&quot;:&quot;https:\\\/\\\/moncompte.actu.fr&quot;,&quot;category&quot;:&quot;mon compte&quot;,&quot;from&quot;:&quot;article footer&quot;,&quot;name&quot;:&quot;Mon actu&quot;,&quot;type&quot;:&quot;cta&quot;}}\" target=\"_blank\">Mon Actu<\/a>.<\/p>\n","protected":false},"excerpt":{"rendered":"Par R\u00e9daction C\u00f4t\u00e9 Brest Publi\u00e9 le 3 janv. 2026 \u00e0 10h43 L\u2019exposition photographique propos\u00e9e par les Archives municipales,&hellip;\n","protected":false},"author":2,"featured_media":638667,"comment_status":"","ping_status":"","sticky":false,"template":"","format":"standard","meta":{"footnotes":""},"categories":[1358],"tags":[1348,1384,1385,58614,74434,1386,58,59,1011,27,1756,104],"class_list":{"0":"post-638666","1":"post","2":"type-post","3":"status-publish","4":"format-standard","5":"has-post-thumbnail","7":"category-arts-et-design","8":"tag-arts","9":"tag-arts-and-design","10":"tag-arts-et-design","11":"tag-ateliers-des-capucins","12":"tag-brest-metropole","13":"tag-design","14":"tag-divertissement","15":"tag-entertainment","16":"tag-fr","17":"tag-france","18":"tag-photographie","19":"tag-societe"},"share_on_mastodon":{"url":"https:\/\/pubeurope.com\/@fr\/115832216781990388","error":""},"_links":{"self":[{"href":"https:\/\/www.europesays.com\/fr\/wp-json\/wp\/v2\/posts\/638666","targetHints":{"allow":["GET"]}}],"collection":[{"href":"https:\/\/www.europesays.com\/fr\/wp-json\/wp\/v2\/posts"}],"about":[{"href":"https:\/\/www.europesays.com\/fr\/wp-json\/wp\/v2\/types\/post"}],"author":[{"embeddable":true,"href":"https:\/\/www.europesays.com\/fr\/wp-json\/wp\/v2\/users\/2"}],"replies":[{"embeddable":true,"href":"https:\/\/www.europesays.com\/fr\/wp-json\/wp\/v2\/comments?post=638666"}],"version-history":[{"count":0,"href":"https:\/\/www.europesays.com\/fr\/wp-json\/wp\/v2\/posts\/638666\/revisions"}],"wp:featuredmedia":[{"embeddable":true,"href":"https:\/\/www.europesays.com\/fr\/wp-json\/wp\/v2\/media\/638667"}],"wp:attachment":[{"href":"https:\/\/www.europesays.com\/fr\/wp-json\/wp\/v2\/media?parent=638666"}],"wp:term":[{"taxonomy":"category","embeddable":true,"href":"https:\/\/www.europesays.com\/fr\/wp-json\/wp\/v2\/categories?post=638666"},{"taxonomy":"post_tag","embeddable":true,"href":"https:\/\/www.europesays.com\/fr\/wp-json\/wp\/v2\/tags?post=638666"}],"curies":[{"name":"wp","href":"https:\/\/api.w.org\/{rel}","templated":true}]}}