{"id":638668,"date":"2026-01-03T16:56:15","date_gmt":"2026-01-03T16:56:15","guid":{"rendered":"https:\/\/www.europesays.com\/fr\/638668\/"},"modified":"2026-01-03T16:56:15","modified_gmt":"2026-01-03T16:56:15","slug":"le-droit-dexister-pour-moi-meme-kelly-vedovelli-tourne-la-page-de-2025-et-tpmp","status":"publish","type":"post","link":"https:\/\/www.europesays.com\/fr\/638668\/","title":{"rendered":"\u00ab\u00a0Le droit d&rsquo;exister pour moi-m\u00eame\u00a0\u00bb : Kelly Vedovelli tourne la page de 2025 et TPMP"},"content":{"rendered":"<p>                <img loading=\"lazy\" decoding=\"async\" src=\"https:\/\/www.europesays.com\/fr\/wp-content\/uploads\/2025\/04\/1330eb2d145a3dbe-35x35-1.png\" class=\"author-article-picture\" width=\"35\" height=\"35\"\/><\/p>\n<p>                    Par<\/p>\n<p>                                            Marguerite Lania<\/p>\n<p>                    |<\/p>\n<p>                                            Journaliste<\/p>\n<p>\n                Journaliste t\u00e9l\u00e9 sur Purebreak, Marguerite Lania d\u00e9cortique les \u00e9missions, les candidats et les moments cultes du petit \u00e9cran. De DALS \u00e0 Koh-Lanta, rien ne lui \u00e9chappe. Elle zappe entre Quotidien et Tout beau, tout neuf, mais savoure \u00e9galement les jeux. Un jour, vous la verrez dans Les 12 coups de midi ou dans la Star Academy.\n            <\/p>\n<p>\n    2025 est pass\u00e9e, place d\u00e9sormais \u00e0 2026. Et au moment de faire son bilan sur Instagram, Kelly Vedovelli a savour\u00e9 son choix de s&rsquo;\u00eatre lanc\u00e9e dans une nouvelle vie.\n<\/p>\n<p>                            <img loading=\"lazy\" decoding=\"async\" class=\"player-thumbnail\" src=\"https:\/\/www.europesays.com\/fr\/wp-content\/uploads\/2026\/01\/bde97f6acff2e7ef-580x326-1.jpg\" width=\"580\" height=\"326\"\/><\/p>\n<p>                            Interview de Kelly Vedovelli pour Purebreak \u00a9 Vid\u00e9o : Purebreak \/ Image :<\/p>\n<p>La suite apr\u00e8s la publicit\u00e9<\/p>\n<p>Tandis que ses fans r\u00e9clament encore et toujours son retour au c\u00f4t\u00e9 de Cyril Hanouna dans TBT9 sur W9, <a href=\"https:\/\/www.purebreak.com\/personnalite\/kelly-vedovelli_e549229\" target=\"_blank\" rel=\"noopener\">Kelly Vedovelli<\/a> semble bien d\u00e9cid\u00e9e \u00e0 tourner d\u00e9finitivement la page de cette aventure.<\/p>\n<p>Kelly Vedovelli tourne la page TPMP et 2025<\/p>\n<p>L&rsquo;ancienne chroniqueuse de TPMP a en effet profit\u00e9 d&rsquo;une story Instagram publi\u00e9e ce vendredi 2 janvier 2026 pour faire le bilan de l&rsquo;an pass\u00e9. Et ses propos le rappellent : elle avait besoin de changement dans sa vie.<\/p>\n<p>\u00ab\u00a0<strong>2025 a \u00e9t\u00e9 une ann\u00e9e tellement al\u00e9atoire, pour ne pas dire la guerre et le KO<\/strong>\u00ab\u00a0, a dans un premier temps d\u00e9clar\u00e9 la DJ, sans apporter plus de pr\u00e9cisions sur les origines de ces terribles sentiments. En revanche, elle l&rsquo;a ensuite pr\u00e9cis\u00e9, 2025 a \u00e9galement \u00e9t\u00e9 l&rsquo;ann\u00e9e du renouveau tant n\u00e9cessaire.<\/p>\n<blockquote>\n<p>J&rsquo;ai enfin r\u00e9alis\u00e9 que j&rsquo;avais le droit d&rsquo;exister pour moi-m\u00eame, donc j&rsquo;ai quitt\u00e9 mon travail et je suis partie faire le tour du monde, laissant derri\u00e8re moi \u00ab\u00a0les restes\u00a0\u00bb. Mais pas seulement. J&rsquo;ai resserr\u00e9 des liens, d\u00e9couvert de nouvelles personnes formidables, confirm\u00e9 mes amiti\u00e9s de ma vie et r\u00e9alis\u00e9 \u00e0 quel point les choses consid\u00e9r\u00e9es comme des \u00e9checs sont en fait des victoires, car la vie m&rsquo;apaise dor\u00e9navant.<\/p>\n<\/blockquote>\n<p>Kelly Vedovelli, nouvelle chroniqueuse dans TBT9 ? Elle fait le point, \u00ab\u00a0Je suis trop contente\u00a0\u00bb<\/p>\n<p>Une nouvelle vie pour une nouvelle Kelly, qui ne l&#8217;emp\u00eache de repenser avec \u00e9motion \u00e0 ce qu&rsquo;elle a v\u00e9cu, \u00ab\u00a0J&rsquo;aime mon pass\u00e9, j&rsquo;aime qui j&rsquo;ai \u00e9t\u00e9\u00a0\u00bb, mais qui lui permet d\u00e9sormais d&rsquo;\u00eatre plus en phase avec ce qu&rsquo;elle est.<\/p>\n<p>\u00ab\u00a0<strong>J&rsquo;aime qui je suis aujourd&rsquo;hui et j&rsquo;aime ce que l&rsquo;on pense de moi<\/strong>\u00ab\u00a0, a-t-elle indiqu\u00e9.<\/p>\n<p>        <img decoding=\"async\" class=\"thumb-img-100 thumb-img\" src=\"https:\/\/www.europesays.com\/fr\/wp-content\/uploads\/2026\/01\/caab934fd3e6044d-320x180-1.jpg\" alt=\"Kelly Vedovelli en couple, elle officialise enfin : &quot;une relation assum\u00e9e, saine&quot;\" width=\"320\" height=\"180\" loading=\"lazy\" role=\"presentation\"\/><\/p>\n<p>                                            Kelly Vedovelli en couple, elle officialise enfin : \u00ab\u00a0une relation assum\u00e9e, saine\u00a0\u00bb<\/p>\n<p>        <img decoding=\"async\" class=\"thumb-img-100 thumb-img\" src=\"https:\/\/www.europesays.com\/fr\/wp-content\/uploads\/2026\/01\/e97d8a3e68c3e4b8-320x180-1.jpg\" alt=\"Kelly Vedovelli compar\u00e9e \u00e0 une &quot;escorte&quot; sur Instagram, la chroniqueuse de Cyril Hanouna r\u00e9agit parfaitement\" width=\"320\" height=\"180\" loading=\"lazy\" role=\"presentation\"\/><\/p>\n<p>                                            Kelly Vedovelli compar\u00e9e \u00e0 une \u00ab\u00a0escorte\u00a0\u00bb sur Instagram, la chroniqueuse de Cyril Hanouna r\u00e9agit parfaitement<\/p>\n<p>        <img decoding=\"async\" class=\"thumb-img-100 thumb-img\" src=\"https:\/\/www.europesays.com\/fr\/wp-content\/uploads\/2025\/12\/0f988bac6d67c83a-320x180-1.jpg\" alt=\"Cyril Hanouna tyrannique avec ses \u00e9quipes ? Kelly Vedovelli r\u00e9agit, &quot;Il peut \u00eatre virulent, mais...&quot;\" width=\"320\" height=\"180\" loading=\"lazy\" role=\"presentation\"\/><\/p>\n<p>                                            Cyril Hanouna tyrannique avec ses \u00e9quipes ? Kelly Vedovelli r\u00e9agit, \u00ab\u00a0Il peut \u00eatre virulent, mais&#8230;\u00a0\u00bb<\/p>\n","protected":false},"excerpt":{"rendered":"Par Marguerite Lania | Journaliste Journaliste t\u00e9l\u00e9 sur Purebreak, Marguerite Lania d\u00e9cortique les \u00e9missions, les candidats et les&hellip;\n","protected":false},"author":2,"featured_media":638669,"comment_status":"","ping_status":"","sticky":false,"template":"","format":"standard","meta":{"footnotes":""},"categories":[1356],"tags":[58,59,1011,27,252,1364],"class_list":{"0":"post-638668","1":"post","2":"type-post","3":"status-publish","4":"format-standard","5":"has-post-thumbnail","7":"category-television","8":"tag-divertissement","9":"tag-entertainment","10":"tag-fr","11":"tag-france","12":"tag-television","13":"tag-tv"},"share_on_mastodon":{"url":"https:\/\/pubeurope.com\/@fr\/115832224907984509","error":""},"_links":{"self":[{"href":"https:\/\/www.europesays.com\/fr\/wp-json\/wp\/v2\/posts\/638668","targetHints":{"allow":["GET"]}}],"collection":[{"href":"https:\/\/www.europesays.com\/fr\/wp-json\/wp\/v2\/posts"}],"about":[{"href":"https:\/\/www.europesays.com\/fr\/wp-json\/wp\/v2\/types\/post"}],"author":[{"embeddable":true,"href":"https:\/\/www.europesays.com\/fr\/wp-json\/wp\/v2\/users\/2"}],"replies":[{"embeddable":true,"href":"https:\/\/www.europesays.com\/fr\/wp-json\/wp\/v2\/comments?post=638668"}],"version-history":[{"count":0,"href":"https:\/\/www.europesays.com\/fr\/wp-json\/wp\/v2\/posts\/638668\/revisions"}],"wp:featuredmedia":[{"embeddable":true,"href":"https:\/\/www.europesays.com\/fr\/wp-json\/wp\/v2\/media\/638669"}],"wp:attachment":[{"href":"https:\/\/www.europesays.com\/fr\/wp-json\/wp\/v2\/media?parent=638668"}],"wp:term":[{"taxonomy":"category","embeddable":true,"href":"https:\/\/www.europesays.com\/fr\/wp-json\/wp\/v2\/categories?post=638668"},{"taxonomy":"post_tag","embeddable":true,"href":"https:\/\/www.europesays.com\/fr\/wp-json\/wp\/v2\/tags?post=638668"}],"curies":[{"name":"wp","href":"https:\/\/api.w.org\/{rel}","templated":true}]}}