{"id":638670,"date":"2026-01-03T16:57:21","date_gmt":"2026-01-03T16:57:21","guid":{"rendered":"https:\/\/www.europesays.com\/fr\/638670\/"},"modified":"2026-01-03T16:57:21","modified_gmt":"2026-01-03T16:57:21","slug":"cetait-tres-agreable-davoir-mes-deux-gars-avec-moi","status":"publish","type":"post","link":"https:\/\/www.europesays.com\/fr\/638670\/","title":{"rendered":"C&rsquo;\u00e9tait tr\u00e8s agr\u00e9able d&rsquo;avoir mes deux gars avec moi"},"content":{"rendered":"<p class=\"c-chapo \">\n  Ours, Pierre et Alain Souchon sont les invit\u00e9s exceptionnels du Monde d&rsquo;Elodie, tout cette semaine, \u00e0 l&rsquo;occasion de la sortie de leur album, \u00ab\u00a0Studio Saint-Germain\u00a0\u00bb. \u00c9pisode 5 : \u00ab\u00a0\u00c0 quoi tu penses ?\u00a0\u00bb.\n<\/p>\n<p>      lire plus tard<\/p>\n<p id=\"dialog__title\" class=\"dialog__title\">Pour sauvegarder cet article, connectez-vous ou cr\u00e9ez un compte franceinfo<\/p>\n<p class=\"dialog__description\">Sans paiement. Sans abonnement.<\/p>\n<p>        Fermer la fen\u00eatre d\u2019activation des notifications France Info<\/p>\n<p>      cr\u00e9er votre compte<\/p>\n<p>      se connecter<\/p>\n<p>      :<\/p>\n<p>        Fermer la fen\u00eatre de pr\u00e9sentation<\/p>\n<p>    Publi\u00e9 le 02\/01\/2026 11:28<\/p>\n<p>        Temps de lecture : 5min<\/p>\n<p>    <img decoding=\"async\"  alt=\"Pierre Souchon, Alain Souchon et Ours, \u00e0 La Rochelle, en juillet 2024. (THIBAUD MORITZ \/ AFP)\" width=\"432\" height=\"243\" src=\"https:\/\/www.europesays.com\/fr\/wp-content\/uploads\/2026\/01\/000-3643648-69529652a3c4b850419381.jpg\" fetchpriority=\"high\"\/><\/p>\n<p>      Pierre Souchon, Alain Souchon et Ours, \u00e0 La Rochelle, en juillet 2024. (THIBAUD MORITZ \/ AFP)<\/p>\n<p>La famille Souchon a accueilli les Fran\u00e7ais dans leur foyer depuis les d\u00e9buts d&rsquo;Alain Souchon dans le monde de la chanson fran\u00e7aise. Ce qui touche, et c&rsquo;est encore plus le cas aujourd&rsquo;hui, c&rsquo;est l&rsquo;accessibilit\u00e9 du p\u00e8re, certes, mais aussi des fils Pierre et Charles, alias Ours.<\/p>\n<p><strong>franceinfo : Comment est-elle venue l&rsquo;id\u00e9e de vous retrouver sur sc\u00e8ne tous les trois ?<\/strong><\/p>\n<p><strong>Alain Souchon :<\/strong> Je leur ai demand\u00e9. Pour moi, c&rsquo;\u00e9tait extr\u00eamement agr\u00e9able d&rsquo;\u00eatre avec mes deux gars, mais en m\u00eame temps, ils ont chacun leur route. Alors donc, on en a parl\u00e9, je ne voulais pas que \u00e7a emb\u00eate le travail de Pierre et le travail de Charles qui sont des choses tr\u00e8s diff\u00e9rentes, mais ils ont dit que \u00e7a allait les amuser.<\/p>\n<p><strong>Ours :<\/strong> \u00c7a ne s&rsquo;est pas fait comme \u00e7a tout de suite. D&rsquo;abord, on nous a invit\u00e9s pour deux ou trois \u00e9v\u00e9nements, comme des concerts caritatifs et puis on l&rsquo;a refait comme pour donner un coup de main. Apr\u00e8s, on nous a propos\u00e9 de faire cette tourn\u00e9e et on a dit, non. \u00c0 un moment, on a eu un d\u00e9clic, \u00e7a a fait son chemin et on s&rsquo;est dit en m\u00eame temps, qu&rsquo;on allait mettre de c\u00f4t\u00e9 un peu nos histoires de carri\u00e8re. On est tr\u00e8s complices dans la vie, alors pourquoi ne pas le faire vraiment ? \u00c0 un moment, on s&rsquo;est dit, \u00ab\u00a0Faisons-le ! Je crois qu&rsquo;on regrettera de ne pas l&rsquo;avoir fait.\u00a0\u00bb<\/p>\n<p><strong>J&rsquo;ai l&rsquo;impression qu&rsquo;\u00e0 travers cette tourn\u00e9e, vous avez vraiment trouv\u00e9 chacun la place exacte o\u00f9 vous vous sentez le mieux ensemble et tout seul.<\/strong><\/p>\n<p><strong>Pierre Souchon :<\/strong> Bien s\u00fbr, la vie avance et forc\u00e9ment, on prend un peu d&rsquo;exp\u00e9rience et on prend du recul sur soi. Parfois, on a envie d&rsquo;\u00eatre tr\u00e8s devant, je parle pour moi. Au d\u00e9but, j&rsquo;\u00e9tais dans des groupes et puis j&rsquo;ai fait le chanteur un peu et je me suis dit peut-\u00eatre que ma place \u00e9tait un peu plus derri\u00e8re. L\u00e0, notre place, elle est tr\u00e8s \u00e9tablie, elle est tr\u00e8s simple, on est admiratifs du travail de notre p\u00e8re et on est tr\u00e8s heureux de jouer ses chansons et surtout d&rsquo;en faire r\u00e9v\u00e9ler certaines aussi.<\/p>\n<blockquote class=\"ftvi_content_quote\">\n<p class=\"ftvi_citation_quote\">\u00ab\u00a0On a d\u00e9cid\u00e9 d&rsquo;interpr\u00e9ter des chansons qu&rsquo;il n&rsquo;avait pas chant\u00e9es depuis longtemps ou des chansons dites d&rsquo;album.\u00a0\u00bb<\/p>\n<p>Pierre Souchon<\/p>\n<p class=\"ftvi_citation_source\">\u00e0 franceinfo<\/p>\n<\/blockquote>\n<p>Vous savez, on met des chansons \u00e0 la radio, mais il y en a dix autres dans l&rsquo;album et on avait \u00e0 c\u0153ur qu&rsquo;il les interpr\u00e8te parce que ce sont des chansons qui ont une \u00e9motion particuli\u00e8re et qui sont encore tr\u00e8s actuelles pour la plupart.<\/p>\n<p><strong>Je voudrais qu&rsquo;on parle de \u00c0 quoi tu penses ?\u00a0C&rsquo;est un titre tr\u00e8s fort dans lequel on entend, \u00ab\u00a0Les chansons consolent\u00a0\u00bb. La force d&rsquo;une chanson, c&rsquo;est de pouvoir consoler ?<\/strong><\/p>\n<p><strong>Ours :<\/strong> Avant de partir en tourn\u00e9e, on s&rsquo;est dit que ce serait sympa de faire une chanson originale. Maintenant, ce n&rsquo;est pas \u00e9vident de faire une chanson \u00e0 trois parce que tout simplement, on n\u2019a pas envie de dire les m\u00eames choses. Alors on a trouv\u00e9 cette formule pour le refrain, \u00ab\u00a0\u00e0 quoi tu penses ?\u00a0\u00bb<\/p>\n<p><strong>Pierre Souchon :<\/strong> L&rsquo;id\u00e9e, c&rsquo;\u00e9tait de se poser une question, \u00e7a permettait un rebond et un \u00e9change.<\/p>\n<p><strong>Ours :<\/strong> \u00c0 quoi tu penses en ce moment, c&rsquo;est un peu, o\u00f9 tu en es, toi, dans ta vie en ce moment. \u00c0 quoi tu penses ? Qu&rsquo;est-ce que t&rsquo;as dans la t\u00eate ? \u00c7a nous permettait de rebasculer chacun dans notre couplet, donc \u00e7a fait une chanson un petit peu d\u00e9construite. Ce qui est marrant, c&rsquo;est que chaque couplet a son intimit\u00e9. Le premier couplet, c&rsquo;est mon p\u00e8re qui raconte un peu l\u00e0 o\u00f9 il en est dans sa vie.<\/p>\n<p><strong>Alain Souchon :<\/strong> \u00ab\u00a0Est-ce qu&rsquo;un jour, c&rsquo;est fini ? Fini la com\u00e9die ? Chanter apr\u00e8s minuit place de la mairie. Les premi\u00e8res rumbas la nuit, dernier tango \u00e0 Paris. Est-ce qu&rsquo;un jour, c&rsquo;est fini, fini ?\u00a0\u00bb<\/p>\n<p><strong>Ours :<\/strong> Dans le deuxi\u00e8me couplet, je parle du couple et mon fr\u00e8re dans ce troisi\u00e8me couplet, il parle un peu de ses d\u00e9sillusions. \u00c7a nous a permis cette formule d&rsquo;avoir un peu comme un b\u00e2ton de relais et de basculer chacun dans notre couplet, comme des rappeurs. On a chacun pris notre couplet, on a \u00e9crit notre propre couplet et donc c&rsquo;est ce qui a permis de garder une intimit\u00e9.<\/p>\n<\/p>\n<p><strong>La force des chansons de cette famille, c&rsquo;est de proposer syst\u00e9matiquement \u00e0 l&rsquo;auditeur de devenir acteur de la chanson et de s&rsquo;approprier les chansons.<\/strong><\/p>\n<p><strong>Pierre Souchon :<\/strong> Je ne suis pas un sp\u00e9cialiste parce que je n&rsquo;ai pas fait de chansons qui ont marqu\u00e9 comme \u00e7a. Mais une chanson, \u00e7a peut \u00eatre en effet un rep\u00e8re, quelque chose de tr\u00e8s rassurant. On a des souvenirs, par exemple, quand mon p\u00e8re \u00e9tait souvent absent, ma m\u00e8re invitait des amis \u00e0 elle et ils \u00e9coutaient du Randy Newman, cet artiste qu&rsquo;on adore, avec sa voix particuli\u00e8re. Quand je l&rsquo;\u00e9coute, \u00e7a me replonge instantan\u00e9ment et c&rsquo;est la force des chansons. Il y a quelque chose de rassurant, comme un meuble qui fait partie de notre enfance et on est content de le retrouver. Apr\u00e8s, on ne fait pas une chanson en se disant, que les gens doivent se l&rsquo;approprier. C&rsquo;est la force de la chanson qui fait qu&rsquo;il y a plusieurs lectures et les gens veulent se l&rsquo;approprier ou non, \u00e7a ne se d\u00e9cide pas. Mais en tout cas, une chanson peut en effet \u00eatre un baume au c\u0153ur et un rep\u00e8re qui rassure.<\/p>\n","protected":false},"excerpt":{"rendered":"Ours, Pierre et Alain Souchon sont les invit\u00e9s exceptionnels du Monde d&rsquo;Elodie, tout cette semaine, \u00e0 l&rsquo;occasion de&hellip;\n","protected":false},"author":2,"featured_media":638671,"comment_status":"","ping_status":"","sticky":false,"template":"","format":"standard","meta":{"footnotes":""},"categories":[1355],"tags":[58,59,1011,27,1361,873],"class_list":{"0":"post-638670","1":"post","2":"type-post","3":"status-publish","4":"format-standard","5":"has-post-thumbnail","7":"category-musique","8":"tag-divertissement","9":"tag-entertainment","10":"tag-fr","11":"tag-france","12":"tag-music","13":"tag-musique"},"share_on_mastodon":{"url":"https:\/\/pubeurope.com\/@fr\/115832228672559654","error":""},"_links":{"self":[{"href":"https:\/\/www.europesays.com\/fr\/wp-json\/wp\/v2\/posts\/638670","targetHints":{"allow":["GET"]}}],"collection":[{"href":"https:\/\/www.europesays.com\/fr\/wp-json\/wp\/v2\/posts"}],"about":[{"href":"https:\/\/www.europesays.com\/fr\/wp-json\/wp\/v2\/types\/post"}],"author":[{"embeddable":true,"href":"https:\/\/www.europesays.com\/fr\/wp-json\/wp\/v2\/users\/2"}],"replies":[{"embeddable":true,"href":"https:\/\/www.europesays.com\/fr\/wp-json\/wp\/v2\/comments?post=638670"}],"version-history":[{"count":0,"href":"https:\/\/www.europesays.com\/fr\/wp-json\/wp\/v2\/posts\/638670\/revisions"}],"wp:featuredmedia":[{"embeddable":true,"href":"https:\/\/www.europesays.com\/fr\/wp-json\/wp\/v2\/media\/638671"}],"wp:attachment":[{"href":"https:\/\/www.europesays.com\/fr\/wp-json\/wp\/v2\/media?parent=638670"}],"wp:term":[{"taxonomy":"category","embeddable":true,"href":"https:\/\/www.europesays.com\/fr\/wp-json\/wp\/v2\/categories?post=638670"},{"taxonomy":"post_tag","embeddable":true,"href":"https:\/\/www.europesays.com\/fr\/wp-json\/wp\/v2\/tags?post=638670"}],"curies":[{"name":"wp","href":"https:\/\/api.w.org\/{rel}","templated":true}]}}