{"id":638682,"date":"2026-01-03T17:04:16","date_gmt":"2026-01-03T17:04:16","guid":{"rendered":"https:\/\/www.europesays.com\/fr\/638682\/"},"modified":"2026-01-03T17:04:16","modified_gmt":"2026-01-03T17:04:16","slug":"volodymyr-zelensky-choisit-le-populaire-kyrylo-boudanov-pour-nouveau-bras-droit-une-nomination-strategique-en-pleines-negociations-de-paix","status":"publish","type":"post","link":"https:\/\/www.europesays.com\/fr\/638682\/","title":{"rendered":"Volodymyr Zelensky choisit le populaire Kyrylo Boudanov pour nouveau bras droit, une nomination strat\u00e9gique en pleines n\u00e9gociations de paix"},"content":{"rendered":"<p>                     <img loading=\"lazy\" decoding=\"async\" src=\"https:\/\/www.europesays.com\/fr\/wp-content\/uploads\/2026\/01\/1760164_upload-1-2sxl2vb3foya-319216.jpg\" alt=\"Le pr\u00e9sident ukrainien, Volodymyr Zelensky, avec le chef des renseignements militaires ukrainiens, Kyrylo Boudanov, \u00e0 Kiev, le 2\u00a0janvier 2026.\"   width=\"664\" height=\"443\"\/>    Le pr\u00e9sident ukrainien, Volodymyr Zelensky, avec le chef des renseignements militaires ukrainiens, Kyrylo Boudanov, \u00e0 Kiev, le 2\u00a0janvier 2026.  SERVICE DE PRESSE DE LA PRESIDENCE UKRAINIENNE\/ AFP                 <\/p>\n<p class=\"article__paragraph  \">Apr\u00e8s un mois de vacance au poste de chef de l\u2019administration pr\u00e9sidentielle ukrainienne, la nomination, tr\u00e8s attendue mais longtemps repouss\u00e9e en raison de l\u2019intensit\u00e9 des n\u00e9gociations de paix, est finalement tomb\u00e9e, vendredi 2\u00a0janvier. Pour remplacer le tr\u00e8s controvers\u00e9 Andriy Yermak, fid\u00e8le parmi les fid\u00e8les de Volodymyr Zelensky depuis le d\u00e9but de l\u2019invasion, emport\u00e9 par un scandale de corruption \u00e0 la fin de novembre 2025, le pr\u00e9sident ukrainien a opt\u00e9 pour l\u2019homme qui dirigeait jusque-l\u00e0 le service de renseignement militaire (HUR), le charismatique et myst\u00e9rieux Kyrylo Boudanov, 40\u00a0ans.<\/p>\n<p>   Lire plus tard  <\/p>\n<p class=\"article__paragraph  \">La tr\u00e8s grande popularit\u00e9 du militaire de carri\u00e8re devrait permettre de redorer l\u2019image de la pr\u00e9sidence, gravement touch\u00e9e apr\u00e8s la r\u00e9v\u00e9lation, deux mois plus t\u00f4t, d\u2019un scandale de corruption touchant le secteur \u00e9nerg\u00e9tique du pays. Un d\u00e9cret confirmant la nomination du ma\u00eetre espion a \u00e9t\u00e9 publi\u00e9 sur le site de la pr\u00e9sidence vendredi apr\u00e8s-midi. Kyrylo Boudanov sera remplac\u00e9 par Oleg Ivachtchenko, \u00e0 la t\u00eate du service de renseignement \u00e9tranger ukrainien depuis 2024.<\/p>\n<p class=\"reading-mode-only \"><strong>Il vous reste 88.48% de cet article \u00e0 lire. La suite est r\u00e9serv\u00e9e aux abonn\u00e9s.<\/strong><\/p>\n","protected":false},"excerpt":{"rendered":"Le pr\u00e9sident ukrainien, Volodymyr Zelensky, avec le chef des renseignements militaires ukrainiens, Kyrylo Boudanov, \u00e0 Kiev, le 2\u00a0janvier&hellip;\n","protected":false},"author":2,"featured_media":638683,"comment_status":"","ping_status":"","sticky":false,"template":"","format":"standard","meta":{"footnotes":""},"categories":[5],"tags":[11,1011,27,14,12,28],"class_list":{"0":"post-638682","1":"post","2":"type-post","3":"status-publish","4":"format-standard","5":"has-post-thumbnail","7":"category-international","8":"tag-actualites","9":"tag-fr","10":"tag-france","11":"tag-international","12":"tag-news","13":"tag-world"},"share_on_mastodon":{"url":"https:\/\/pubeurope.com\/@fr\/115832256232225121","error":""},"_links":{"self":[{"href":"https:\/\/www.europesays.com\/fr\/wp-json\/wp\/v2\/posts\/638682","targetHints":{"allow":["GET"]}}],"collection":[{"href":"https:\/\/www.europesays.com\/fr\/wp-json\/wp\/v2\/posts"}],"about":[{"href":"https:\/\/www.europesays.com\/fr\/wp-json\/wp\/v2\/types\/post"}],"author":[{"embeddable":true,"href":"https:\/\/www.europesays.com\/fr\/wp-json\/wp\/v2\/users\/2"}],"replies":[{"embeddable":true,"href":"https:\/\/www.europesays.com\/fr\/wp-json\/wp\/v2\/comments?post=638682"}],"version-history":[{"count":0,"href":"https:\/\/www.europesays.com\/fr\/wp-json\/wp\/v2\/posts\/638682\/revisions"}],"wp:featuredmedia":[{"embeddable":true,"href":"https:\/\/www.europesays.com\/fr\/wp-json\/wp\/v2\/media\/638683"}],"wp:attachment":[{"href":"https:\/\/www.europesays.com\/fr\/wp-json\/wp\/v2\/media?parent=638682"}],"wp:term":[{"taxonomy":"category","embeddable":true,"href":"https:\/\/www.europesays.com\/fr\/wp-json\/wp\/v2\/categories?post=638682"},{"taxonomy":"post_tag","embeddable":true,"href":"https:\/\/www.europesays.com\/fr\/wp-json\/wp\/v2\/tags?post=638682"}],"curies":[{"name":"wp","href":"https:\/\/api.w.org\/{rel}","templated":true}]}}