{"id":638693,"date":"2026-01-03T17:13:09","date_gmt":"2026-01-03T17:13:09","guid":{"rendered":"https:\/\/www.europesays.com\/fr\/638693\/"},"modified":"2026-01-03T17:13:09","modified_gmt":"2026-01-03T17:13:09","slug":"cette-celebre-boutique-photo-de-montpellier-prepare-un-tournant-decisif-apres-45-ans-dhistoire","status":"publish","type":"post","link":"https:\/\/www.europesays.com\/fr\/638693\/","title":{"rendered":"Cette c\u00e9l\u00e8bre boutique photo de Montpellier pr\u00e9pare un tournant d\u00e9cisif apr\u00e8s 45 ans d\u2019histoire"},"content":{"rendered":"<p>                    Par<br \/>\n        <strong><br \/>\n            <a href=\"https:\/\/actu.fr\/auteur\/metropoop\" title=\"Consulter tous les articles de R\u00e9daction M\u00e9tropolitain\" target=\"_blank\" rel=\"noopener\">R\u00e9daction M\u00e9tropolitain<\/a><br \/>\n                    <\/strong><\/p>\n<p>        Publi\u00e9 le<\/p>\n<p>            3 janv. 2026 \u00e0 16h50        <\/p>\n<p><strong>Depuis plus de quatre d\u00e9cennies<\/strong>, Photo Com\u00e9die fait partie du paysage montpelli\u00e9rain. Le magasin a vu d\u00e9filer des g\u00e9n\u00e9rations de photographes amateurs et professionnels. Argentique, num\u00e9rique, vid\u00e9o, chaque \u00e9volution du m\u00e9tier a trouv\u00e9 ici un \u00e9cho. Les clients ont grandi avec l\u2019enseigne et la relation de confiance s\u2019est construite au fil des conseils et du temps. L\u2019ann\u00e9e 2026 marque un tournant : Photo Com\u00e9die quitte Montpellier pour s\u2019installer \u00e0 Lattes.\u00a0<\/p>\n<p>    <a href=\"https:\/\/www.google.com\/maps\/embed?pb=!1m18!1m12!1m3!1d2890.092640279272!2d3.9197414764586798!3d43.58378667110547!2m3!1f0!2f0!3f0!3m2!1i1024!2i768!4f13.1!3m3!1m2!1s0x12b6a546bca2e5f3%3A0x8e938c39a433fdef!2s7%20All.%20du%20Levant%2C%2034970%20Lattes!5e0!3m2!1sfr!2sfr!4v1767454818454!5m2!1sfr!2sfr\" title=\"Ouvrie le lien\" target=\"_blank\" rel=\"noopener\">Cliquez ici pour visualiser le contenu<\/a><\/p>\n<p>Un magasin plus grand pour plus de choix<\/p>\n<p class=\" wall-content\">Le commerce historique de Montpellier fermera d\u00e9finitivement ses portes le samedi 10 janvier 2026. Les \u00e9quipes accueilleront le public <strong>d\u00e8s le mardi 13 janvier 2026<\/strong> dans leur nouveau magasin. Le lieu a fait l\u2019objet d\u2019une r\u00e9flexion compl\u00e8te. La nouvelle surface de vente offre un espace \u00e9largi. Le magasin peut d\u00e9sormais pr\u00e9senter une gamme plus vaste de mat\u00e9riel photo et vid\u00e9o. Les all\u00e9es ont \u00e9t\u00e9 pens\u00e9es larges et a\u00e9r\u00e9es.\u00a0<\/p>\n<p class=\" wall-content\"><strong> Avant de tourner la page, 45 ans d\u2019histoires partag\u00e9es en images <a href=\"https:\/\/www.instagram.com\/metropolitainfr\/\" target=\"_blank\" rel=\"noopener\">sur notre Instagram<\/a><\/strong><\/p>\n<p class=\" wall-content\"><a href=\"https:\/\/www.instagram.com\/reels\/DQ9pfozDOGk\/embed\" title=\"Ouvrir le lien sur Instagram\" target=\"_blank\" rel=\"noopener\">Visualiser le contenu sur Instagram<\/a><\/p>\n<p class=\" wall-content\">Le changement d\u2019adresse r\u00e9pond aussi \u00e0 un probl\u00e8me concret : les difficult\u00e9s de circulation appartiennent au pass\u00e9. Des places de stationnement gratuites attendent les clients juste devant la boutique. Photo Cin\u00e9 Com\u00e9die : le nom \u00e9volue l\u00e9g\u00e8rement mais l\u2019\u00e2me reste intacte.\u00a0<\/p>\n<p class=\" wall-content\">Personnalisez votre actualit\u00e9 en ajoutant vos villes et m\u00e9dias en favori avec <a href=\"https:\/\/moncompte.actu.fr\" title=\"D\u00e9couvez Mon Actu\" rel=\"nofollow noopener\" data-trk=\"{&quot;cta&quot;:{&quot;action&quot;:&quot;https:\\\/\\\/moncompte.actu.fr&quot;,&quot;category&quot;:&quot;mon compte&quot;,&quot;from&quot;:&quot;article footer&quot;,&quot;name&quot;:&quot;Mon actu&quot;,&quot;type&quot;:&quot;cta&quot;}}\" target=\"_blank\">Mon Actu<\/a>.<\/p>\n<p>                    <script async src=\"\/\/www.instagram.com\/embed.js\"><\/script><\/p>\n","protected":false},"excerpt":{"rendered":"Par R\u00e9daction M\u00e9tropolitain Publi\u00e9 le 3 janv. 2026 \u00e0 16h50 Depuis plus de quatre d\u00e9cennies, Photo Com\u00e9die fait&hellip;\n","protected":false},"author":2,"featured_media":638694,"comment_status":"","ping_status":"","sticky":false,"template":"","format":"standard","meta":{"footnotes":""},"categories":[9599],"tags":[1111,11,215,2855,1777,674,1011,27,1305,2208,12,2680,25],"class_list":{"0":"post-638693","1":"post","2":"type-post","3":"status-publish","4":"format-standard","5":"has-post-thumbnail","7":"category-montpellier","8":"tag-actu","9":"tag-actualites","10":"tag-commerce","11":"tag-entrepreneuriat","12":"tag-eu","13":"tag-europe","14":"tag-fr","15":"tag-france","16":"tag-lifestyle","17":"tag-montpellier","18":"tag-news","19":"tag-occitanie","20":"tag-republique-francaise"},"share_on_mastodon":{"url":"https:\/\/pubeurope.com\/@fr\/115832291608291464","error":""},"_links":{"self":[{"href":"https:\/\/www.europesays.com\/fr\/wp-json\/wp\/v2\/posts\/638693","targetHints":{"allow":["GET"]}}],"collection":[{"href":"https:\/\/www.europesays.com\/fr\/wp-json\/wp\/v2\/posts"}],"about":[{"href":"https:\/\/www.europesays.com\/fr\/wp-json\/wp\/v2\/types\/post"}],"author":[{"embeddable":true,"href":"https:\/\/www.europesays.com\/fr\/wp-json\/wp\/v2\/users\/2"}],"replies":[{"embeddable":true,"href":"https:\/\/www.europesays.com\/fr\/wp-json\/wp\/v2\/comments?post=638693"}],"version-history":[{"count":0,"href":"https:\/\/www.europesays.com\/fr\/wp-json\/wp\/v2\/posts\/638693\/revisions"}],"wp:featuredmedia":[{"embeddable":true,"href":"https:\/\/www.europesays.com\/fr\/wp-json\/wp\/v2\/media\/638694"}],"wp:attachment":[{"href":"https:\/\/www.europesays.com\/fr\/wp-json\/wp\/v2\/media?parent=638693"}],"wp:term":[{"taxonomy":"category","embeddable":true,"href":"https:\/\/www.europesays.com\/fr\/wp-json\/wp\/v2\/categories?post=638693"},{"taxonomy":"post_tag","embeddable":true,"href":"https:\/\/www.europesays.com\/fr\/wp-json\/wp\/v2\/tags?post=638693"}],"curies":[{"name":"wp","href":"https:\/\/api.w.org\/{rel}","templated":true}]}}