{"id":638698,"date":"2026-01-03T17:16:28","date_gmt":"2026-01-03T17:16:28","guid":{"rendered":"https:\/\/www.europesays.com\/fr\/638698\/"},"modified":"2026-01-03T17:16:28","modified_gmt":"2026-01-03T17:16:28","slug":"charles-abi-quitte-rouen-pour-valenciennes-off","status":"publish","type":"post","link":"https:\/\/www.europesays.com\/fr\/638698\/","title":{"rendered":"Charles Abi quitte Rouen pour Valenciennes (off)"},"content":{"rendered":"<p>Charles Abi va conna\u00eetre une nouvelle exp\u00e9rience. Un an apr\u00e8s son arriv\u00e9e en provenance du Stade-Lausanne-Ouchy (Suisse), l&rsquo;attaquant de 25 ans quitte effectivement le FC Rouen pour s&rsquo;engager chez un autre pensionnaire de National, le Valenciennes FC. Les deux clubs ont officialis\u00e9 la nouvelle ce samedi 3 janvier. \u00ab\u00a0Rapidement mis en \u00e9vidence par son \u00e9tat d\u2019esprit de guerrier et ses buts (10 en 22 matchs de National), Charles quitte le club un an apr\u00e8s son arriv\u00e9e en janvier dernier\u00a0\u00bb, a indiqu\u00e9 le FCR, actuellement leader du championnat, sur ses r\u00e9seaux sociaux.<\/p>\n<p>2 but en 9 matchs<\/p>\n<p>Pass\u00e9 par la formation du Clermont Foot puis par celle de l&rsquo;AS Saint-\u00c9tienne, o\u00f9 il a remport\u00e9 la Gambardella en 2019 puis est devenu professionnel, l&rsquo;ancien international fran\u00e7ais U19 rejoint une formation nordiste en grande difficult\u00e9. Treizi\u00e8me avec 16 points, le VAFC de St\u00e9phane Moulin reste sur une s\u00e9rie de quatre matchs sans victoire et tend rapidement \u00e0 se relancer. L&rsquo;ex-Guingampais (2021-2022), qui a disput\u00e9 9 matchs pour 2 buts durant la premi\u00e8re partie de saison, ne devrait pas \u00eatre le seul joueur \u00e0 venir renforcer le groupe.<\/p>\n<blockquote class=\"twitter-tweet\">\n<p dir=\"ltr\" lang=\"fr\">\ud835\uddd6\ud835\uddf5\ud835\uddee\ud835\uddff\ud835\uddf9\ud835\uddf2\ud835\ude00 \ud835\uddd4\ud835\uddef\ud835\uddf6 s&rsquo;engage avec le <a href=\"https:\/\/twitter.com\/hashtag\/VAFC?src=hash&amp;ref_src=twsrc%5Etfw\" target=\"_blank\" rel=\"noopener\">#VAFC<\/a> \u270d\ufe0f<\/p>\n<p>L&rsquo;avant-centre de 25 ans arrive dans le Hainaut en provenance du <a href=\"https:\/\/twitter.com\/fcr1899?ref_src=twsrc%5Etfw\" target=\"_blank\" rel=\"noopener\">@fcr1899<\/a>. Bienvenue \u00e0 VA, Charles ! \ud83d\udd34\u26aa\ufe0f<\/p>\n<p>\ud83d\udcdd Plus d&rsquo;infos : <a href=\"https:\/\/t.co\/RY0yb2dVjm\">https:\/\/t.co\/RY0yb2dVjm<\/a> <a href=\"https:\/\/t.co\/k1Ppv1NeuK\">pic.twitter.com\/k1Ppv1NeuK<\/a><\/p>\n<p>\u2014 Valenciennes FC \ud83e\udda2 (@VAFC) <a href=\"https:\/\/twitter.com\/VAFC\/status\/2007406840246870044?ref_src=twsrc%5Etfw\" target=\"_blank\" rel=\"noopener\">January 3, 2026<\/a><\/p>\n<\/blockquote>\n<p>Partagez cette info avec vos amis et vos proches en cliquant ici<br \/>Pour r\u00e9sumer<\/p>\n<p>Ce samedi 3 janvier, le FC Rouen, le leader de National, a officialis\u00e9 le d\u00e9part de son attaquant Charles Abi. Ce dernier reste en troisi\u00e8me divison puisqu&rsquo;il s&rsquo;est engag\u00e9 en faveur du Valenciennes FC, en difficult\u00e9 cette saison.<\/p>\n<p> <img decoding=\"async\" width=\"76\" height=\"76\" loading=\"lazy\" src=\"https:\/\/www.europesays.com\/fr\/wp-content\/uploads\/2025\/04\/logo-florian-sermaise.jpg\" alt=\"Florian Sermaise\"\/><script async src=\"https:\/\/platform.twitter.com\/widgets.js\" charset=\"utf-8\"><\/script><\/p>\n","protected":false},"excerpt":{"rendered":"Charles Abi va conna\u00eetre une nouvelle exp\u00e9rience. Un an apr\u00e8s son arriv\u00e9e en provenance du Stade-Lausanne-Ouchy (Suisse), l&rsquo;attaquant&hellip;\n","protected":false},"author":2,"featured_media":638699,"comment_status":"","ping_status":"","sticky":false,"template":"","format":"standard","meta":{"footnotes":""},"categories":[9587],"tags":[1111,11,1777,674,1011,27,59645,61695,12,5161,25,9590],"class_list":{"0":"post-638698","1":"post","2":"type-post","3":"status-publish","4":"format-standard","5":"has-post-thumbnail","7":"category-rouen","8":"tag-actu","9":"tag-actualites","10":"tag-eu","11":"tag-europe","12":"tag-fr","13":"tag-france","14":"tag-national-actus","15":"tag-national-mercato","16":"tag-news","17":"tag-normandie","18":"tag-republique-francaise","19":"tag-rouen"},"share_on_mastodon":{"url":"https:\/\/pubeurope.com\/@fr\/115832303365306250","error":""},"_links":{"self":[{"href":"https:\/\/www.europesays.com\/fr\/wp-json\/wp\/v2\/posts\/638698","targetHints":{"allow":["GET"]}}],"collection":[{"href":"https:\/\/www.europesays.com\/fr\/wp-json\/wp\/v2\/posts"}],"about":[{"href":"https:\/\/www.europesays.com\/fr\/wp-json\/wp\/v2\/types\/post"}],"author":[{"embeddable":true,"href":"https:\/\/www.europesays.com\/fr\/wp-json\/wp\/v2\/users\/2"}],"replies":[{"embeddable":true,"href":"https:\/\/www.europesays.com\/fr\/wp-json\/wp\/v2\/comments?post=638698"}],"version-history":[{"count":0,"href":"https:\/\/www.europesays.com\/fr\/wp-json\/wp\/v2\/posts\/638698\/revisions"}],"wp:featuredmedia":[{"embeddable":true,"href":"https:\/\/www.europesays.com\/fr\/wp-json\/wp\/v2\/media\/638699"}],"wp:attachment":[{"href":"https:\/\/www.europesays.com\/fr\/wp-json\/wp\/v2\/media?parent=638698"}],"wp:term":[{"taxonomy":"category","embeddable":true,"href":"https:\/\/www.europesays.com\/fr\/wp-json\/wp\/v2\/categories?post=638698"},{"taxonomy":"post_tag","embeddable":true,"href":"https:\/\/www.europesays.com\/fr\/wp-json\/wp\/v2\/tags?post=638698"}],"curies":[{"name":"wp","href":"https:\/\/api.w.org\/{rel}","templated":true}]}}