{"id":6387,"date":"2025-04-06T22:33:41","date_gmt":"2025-04-06T22:33:41","guid":{"rendered":"https:\/\/www.europesays.com\/fr\/6387\/"},"modified":"2025-04-06T22:33:41","modified_gmt":"2025-04-06T22:33:41","slug":"la-date-de-la-reouverture-est-connue","status":"publish","type":"post","link":"https:\/\/www.europesays.com\/fr\/6387\/","title":{"rendered":"la date de la r\u00e9ouverture est connue"},"content":{"rendered":"<p>Le populaire mais vieillissant Mus\u00e9e zoologique de Strasbourg, situ\u00e9 sur le campus historique, avait ferm\u00e9 ses portes <a href=\"https:\/\/www.dna.fr\/edition-de-strasbourg\/2019\/09\/21\/le-musee-zoologique-prend-la-clef-des-champs\" target=\"_blank\" rel=\"nofollow noopener\">en septembre\u00a02019<\/a>. Six longues ann\u00e9es ont pass\u00e9 et sa r\u00e9ouverture est pr\u00e9vue le vendredi 19\u00a0septembre \u00e0 14\u00a0h pr\u00e9cises, en pr\u00e9ambule aux Journ\u00e9es du patrimoine. L\u2019entr\u00e9e sera libre et, en pr\u00e9vision de l\u2019affluence, de nombreuses animations seront propos\u00e9es dans le mus\u00e9e comme en dehors ; mus\u00e9e voisin du plan\u00e9tarium inaugur\u00e9 en 2023.<\/p>\n<p>Ce contenu est bloqu\u00e9 car vous n&rsquo;avez pas accept\u00e9 les cookies et autres traceurs.<\/p>\n<p>En cliquant sur \u00ab J\u2019accepte \u00bb, les cookies et autres traceurs seront d\u00e9pos\u00e9s et vous pourrez visualiser les contenus  (<a href=\"\" class=\"consentModule_policy\" target=\"_blank\" title=\"Consulter la politique de protection des donn\u00e9es du fournisseur\">plus d&rsquo;informations<\/a>).<\/p>\n<p>En cliquant sur \u00ab J\u2019accepte tous les cookies \u00bb, vous autorisez des d\u00e9p\u00f4ts de cookies et autres traceurs pour le stockage de vos donn\u00e9es sur nos sites et applications \u00e0 des fins de personnalisation et de ciblage publicitaire.<\/p>\n<p class=\"consentModule_secondaryText\">Vous gardez la possibilit\u00e9 de retirer votre consentement \u00e0 tout moment en consultant notre <a href=\"https:\/\/www.dna.fr\/protection-des-donnees\" target=\"_blank\" title=\"Consulter notre politique de protection des donn\u00e9es\" rel=\"nofollow noopener\">politique de protection des donn\u00e9es<\/a>. <br \/>&#13;<br \/>\n            <a href=\"https:\/\/www.dna.fr\/culture-loisirs\/2025\/04\/04\/javascript:Didomi.notice.show()\" class=\"consentModule_cmp\" rel=\"nofollow noopener\" target=\"_blank\">G\u00e9rer mes choix<\/a>&#13;\n        <\/p>\n<p>&#13;<br \/>\n                        J&rsquo;accepte&#13;<br \/>\n            J&rsquo;accepte tous les cookies&#13;\n        <\/p>\n<p>  17\u00a0millions d\u2019euros de travaux<\/p>\n<p>La r\u00e9novation d\u2019ampleur, dont le co\u00fbt avoisine les 17\u00a0millions d\u2019euros, s\u2019est accompagn\u00e9e d\u2019une restauration des collections (1,2\u00a0million de sp\u00e9cimens, dont 900\u00a0000 insectes) ainsi que d\u2019une r\u00e9flexion sur leur nouveau d\u00e9ploiement. Si les murs n\u2019ont pas boug\u00e9 et que l\u2019esprit des lieux a \u00e9t\u00e9 pr\u00e9serv\u00e9, tout l\u2019int\u00e9rieur et le parcours ont \u00e9t\u00e9 repens\u00e9s. Remis aux normes, le b\u00e2timent sera d\u00e9sormais accessible. Les 2\u00a0000 m2\u00a0 d\u2019espaces d\u2019expositions (permanentes et temporaires) vont voisiner avec 1\u00a0800 m2\u00a0\u00a0d\u00e9di\u00e9s \u00e0 la recherche et 800 m2\u00a0 pr\u00e9vus pour accueillir comme il se doit les visiteurs.<\/p>\n<p>Ce mus\u00e9e a la particularit\u00e9 d\u2019appartenir \u00e0 la fois au r\u00e9seau des onze mus\u00e9es de la Ville, mais aussi de d\u00e9pendre de l\u2019Universit\u00e9 de Strasbourg. L\u2019op\u00e9ration, qui s\u2019inscrit dans le cadre plus large de l\u2019Op\u00e9ration campus, a \u00e9t\u00e9 travaill\u00e9 par le r\u00e9seau des onze mus\u00e9es de la ville, ainsi que par l\u2019Universit\u00e9 de Strasbourg, \u00e0 travers son jardin des sciences. Ce lieu \u00e0 la gouvernance partag\u00e9e a vocation \u00e0 faire le lien entre \u201csciences et soci\u00e9t\u00e9\u201d, ainsi que l\u2019ont formul\u00e9 la pr\u00e9sidente de l\u2019universit\u00e9 <a href=\"https:\/\/www.dna.fr\/education\/2025\/03\/18\/frederique-berrod-elue-presidente-de-l-unistra\" target=\"_blank\" rel=\"nofollow noopener\">Fr\u00e9d\u00e9rique Berrod<\/a> et la maire de Strasbourg <a href=\"https:\/\/www.dna.fr\/p\/jeanne-barseghian\" target=\"_blank\" rel=\"nofollow noopener\">Jeanne Barseghian<\/a>.<\/p>\n","protected":false},"excerpt":{"rendered":"Le populaire mais vieillissant Mus\u00e9e zoologique de Strasbourg, situ\u00e9 sur le campus historique, avait ferm\u00e9 ses portes en&hellip;\n","protected":false},"author":2,"featured_media":6388,"comment_status":"","ping_status":"","sticky":false,"template":"","format":"standard","meta":{"footnotes":""},"categories":[2820],"tags":[1111,11,2389,1687,2880,1777,674,2271,107,1011,27,775,12,2661,25,640,2879],"class_list":{"0":"post-6387","1":"post","2":"type-post","3":"status-publish","4":"format-standard","5":"has-post-thumbnail","7":"category-strasbourg","8":"tag-actu","9":"tag-actualites","10":"tag-alsace","11":"tag-culture-loisirs","12":"tag-edition-strasbourg","13":"tag-eu","14":"tag-europe","15":"tag-exposition-arts-plastiques","16":"tag-fil-info","17":"tag-fr","18":"tag-france","19":"tag-grand-est","20":"tag-news","21":"tag-patrimoine-culturel","22":"tag-republique-francaise","23":"tag-strasbourg","24":"tag-strasbourg-ville"},"share_on_mastodon":{"url":"https:\/\/pubeurope.com\/@fr\/114293401442219354","error":""},"_links":{"self":[{"href":"https:\/\/www.europesays.com\/fr\/wp-json\/wp\/v2\/posts\/6387","targetHints":{"allow":["GET"]}}],"collection":[{"href":"https:\/\/www.europesays.com\/fr\/wp-json\/wp\/v2\/posts"}],"about":[{"href":"https:\/\/www.europesays.com\/fr\/wp-json\/wp\/v2\/types\/post"}],"author":[{"embeddable":true,"href":"https:\/\/www.europesays.com\/fr\/wp-json\/wp\/v2\/users\/2"}],"replies":[{"embeddable":true,"href":"https:\/\/www.europesays.com\/fr\/wp-json\/wp\/v2\/comments?post=6387"}],"version-history":[{"count":0,"href":"https:\/\/www.europesays.com\/fr\/wp-json\/wp\/v2\/posts\/6387\/revisions"}],"wp:featuredmedia":[{"embeddable":true,"href":"https:\/\/www.europesays.com\/fr\/wp-json\/wp\/v2\/media\/6388"}],"wp:attachment":[{"href":"https:\/\/www.europesays.com\/fr\/wp-json\/wp\/v2\/media?parent=6387"}],"wp:term":[{"taxonomy":"category","embeddable":true,"href":"https:\/\/www.europesays.com\/fr\/wp-json\/wp\/v2\/categories?post=6387"},{"taxonomy":"post_tag","embeddable":true,"href":"https:\/\/www.europesays.com\/fr\/wp-json\/wp\/v2\/tags?post=6387"}],"curies":[{"name":"wp","href":"https:\/\/api.w.org\/{rel}","templated":true}]}}