{"id":638700,"date":"2026-01-03T17:20:17","date_gmt":"2026-01-03T17:20:17","guid":{"rendered":"https:\/\/www.europesays.com\/fr\/638700\/"},"modified":"2026-01-03T17:20:17","modified_gmt":"2026-01-03T17:20:17","slug":"une-exposition-consacree-a-lhistoire-de-la-bd-a-grenoble-400-planches-exposees","status":"publish","type":"post","link":"https:\/\/www.europesays.com\/fr\/638700\/","title":{"rendered":"Une exposition consacr\u00e9e \u00e0 l\u2019histoire de la BD \u00e0 Grenoble, 400 planches expos\u00e9es"},"content":{"rendered":"<p class=\"intro \">L&rsquo;exposition \u00ab\u00a0\u00c9POP\u00c9ES GRAPHIQUES\u00a0\u00bb au mus\u00e9e de Grenoble propose 400 planches majeures de 200 artistes. C&rsquo;est un voyage dans l&rsquo;histoire de la bande dessin\u00e9e, de Ast\u00e9rix \u00e0 Moebius, en passant par Manara, Lagaffe, Tintin et tant d&rsquo;autres.<\/p>\n<p>Quatre-cents planches expos\u00e9es au mus\u00e9e de Grenoble. C&rsquo;est tr\u00e8s certainement l&rsquo;exposition consacr\u00e9e \u00e0 la <a href=\"https:\/\/www.europe1.fr\/culture\/un-nouvel-episode-et-deux-hors-series-la-bande-dessinee-blake-et-mortimer-fait-fort-a-quelques-jours-de-noel-875587\" target=\"_blank\" rel=\"noopener\">bande dessin\u00e9e<\/a> la plus importante qui n&rsquo;ait jamais \u00e9t\u00e9 produite.\u00a0<\/p>\n<p>    La suite apr\u00e8s cette publicit\u00e9<\/p>\n<p>    La suite apr\u00e8s cette publicit\u00e9<\/p>\n<p>S&rsquo;il existait une exposition appel\u00e9e \u00ab\u00a0peinture\u00a0\u00bb proposant de passer en revue toutes les \u0153uvres de peinture, on pourrait trouver \u00e7a trop ambitieux. L\u00e0, pourtant, c&rsquo;est un voyage dans l&rsquo;histoire de la BD, des balbutiements aux derniers auteurs de B\u00e9cassine. De <a href=\"https:\/\/www.europe1.fr\/culture\/asterix-en-lusitanie-lalbum-depasse-deja-le-million-de-ventes-871177\" target=\"_blank\" rel=\"noopener\">Ast\u00e9rix<\/a> \u00e0 Moebius, en passant par Manara, Lagaffe, Tintin, Bilal, Gotlib, Tezuka, <a href=\"https:\/\/europe1.fr\/culture\/culture-druillet-vampires-louvrage-ideal-pour-vivre-avec-frissons-et-esthetisme-le-week-end-de-la-toussaint-869635\" target=\"_blank\" rel=\"noopener\">Druillet<\/a> et tant d&rsquo;autres.<\/p>\n<p>Donner \u00ab\u00a0la reconnaissance aux auteurs\u00a0\u00bb<\/p>\n<p>C&rsquo;est la collection priv\u00e9e de <a href=\"https:\/\/www.europe1.fr\/emissions\/punchline\/punchline-michel-edouard-leclerc-est-linvite-de-punchline-876150\" target=\"_blank\" rel=\"noopener\">Michel-\u00c9douard Leclerc<\/a> \u00e0 qui on doit cette entr\u00e9e de la BD au mus\u00e9e. \u00ab\u00a0C&rsquo;est important de donner ces lettres de noblesse \u00e0 un art que tout le monde sait \u00eatre populaire, parce que c&rsquo;est le premier secteur de l&rsquo;\u00e9dition, on oublie de le dire, mais c&rsquo;est un art aussi qui a \u00e9norm\u00e9ment impact\u00e9 trois g\u00e9n\u00e9rations, quatre g\u00e9n\u00e9rations de cin\u00e9astes\u00a0\u00bb, affirme ce dernier.\u00a0<\/p>\n<p>    La suite apr\u00e8s cette publicit\u00e9<\/p>\n<p>    La suite apr\u00e8s cette publicit\u00e9<\/p>\n<p>\u00ab\u00a0Quand vous regardez le cinqui\u00e8me \u00e9l\u00e9ment de Besson, vous trouvez M\u00e9zi\u00e8res ; quand Georges Lucas a fait Star Wars, c&rsquo;est du Gillon 50 ans avant, artiste fran\u00e7ais qui va mourirassez pauvres, mais qui est \u00e0 l&rsquo;origine de \u00e7a. L&rsquo;id\u00e9e de mettre la BD au mus\u00e9e, c&rsquo;est de lui donner sa reconnaissance, la reconnaissance aux auteurs\u00a0\u00bb, estime Michel-\u00c9douard Leclerc.<\/p>\n<p>Au total, 400 planches majeures de 200 artistes de BD sont expos\u00e9es. Une \u00e9pop\u00e9e graphique vertigineuse \u00e0 la hauteur de son sujet.<\/p>\n<p>    La suite apr\u00e8s cette publicit\u00e9<\/p>\n<p>    La suite apr\u00e8s cette publicit\u00e9<\/p>\n<p>L&rsquo;exposition \u00ab\u00a0\u00c9POP\u00c9ES GRAPHIQUES\u00a0\u00bb est \u00e0 retrouver au mus\u00e9e de Grenoble jusqu&rsquo;au 19 avril.<\/p>\n","protected":false},"excerpt":{"rendered":"L&rsquo;exposition \u00ab\u00a0\u00c9POP\u00c9ES GRAPHIQUES\u00a0\u00bb au mus\u00e9e de Grenoble propose 400 planches majeures de 200 artistes. C&rsquo;est un voyage dans&hellip;\n","protected":false},"author":2,"featured_media":638701,"comment_status":"","ping_status":"","sticky":false,"template":"","format":"standard","meta":{"footnotes":""},"categories":[9566],"tags":[1111,11,2430,1777,674,1011,27,2731,12,25],"class_list":{"0":"post-638700","1":"post","2":"type-post","3":"status-publish","4":"format-standard","5":"has-post-thumbnail","7":"category-grenoble","8":"tag-actu","9":"tag-actualites","10":"tag-auvergne-rhone-alpes","11":"tag-eu","12":"tag-europe","13":"tag-fr","14":"tag-france","15":"tag-grenoble","16":"tag-news","17":"tag-republique-francaise"},"share_on_mastodon":{"url":"https:\/\/pubeurope.com\/@fr\/115832319119012183","error":""},"_links":{"self":[{"href":"https:\/\/www.europesays.com\/fr\/wp-json\/wp\/v2\/posts\/638700","targetHints":{"allow":["GET"]}}],"collection":[{"href":"https:\/\/www.europesays.com\/fr\/wp-json\/wp\/v2\/posts"}],"about":[{"href":"https:\/\/www.europesays.com\/fr\/wp-json\/wp\/v2\/types\/post"}],"author":[{"embeddable":true,"href":"https:\/\/www.europesays.com\/fr\/wp-json\/wp\/v2\/users\/2"}],"replies":[{"embeddable":true,"href":"https:\/\/www.europesays.com\/fr\/wp-json\/wp\/v2\/comments?post=638700"}],"version-history":[{"count":0,"href":"https:\/\/www.europesays.com\/fr\/wp-json\/wp\/v2\/posts\/638700\/revisions"}],"wp:featuredmedia":[{"embeddable":true,"href":"https:\/\/www.europesays.com\/fr\/wp-json\/wp\/v2\/media\/638701"}],"wp:attachment":[{"href":"https:\/\/www.europesays.com\/fr\/wp-json\/wp\/v2\/media?parent=638700"}],"wp:term":[{"taxonomy":"category","embeddable":true,"href":"https:\/\/www.europesays.com\/fr\/wp-json\/wp\/v2\/categories?post=638700"},{"taxonomy":"post_tag","embeddable":true,"href":"https:\/\/www.europesays.com\/fr\/wp-json\/wp\/v2\/tags?post=638700"}],"curies":[{"name":"wp","href":"https:\/\/api.w.org\/{rel}","templated":true}]}}