{"id":638702,"date":"2026-01-03T17:21:35","date_gmt":"2026-01-03T17:21:35","guid":{"rendered":"https:\/\/www.europesays.com\/fr\/638702\/"},"modified":"2026-01-03T17:21:35","modified_gmt":"2026-01-03T17:21:35","slug":"festivites-du-nouvel-an-a-rennes-la-police-est-intervenue-pour-mettre-fin-a-un-attroupement","status":"publish","type":"post","link":"https:\/\/www.europesays.com\/fr\/638702\/","title":{"rendered":"Festivit\u00e9s du Nouvel an \u00e0 Rennes\u00a0: la police est intervenue pour mettre fin \u00e0 un attroupement"},"content":{"rendered":"<p>Les fourgons de CRS affluent dans le centre-ville de Rennes (Ille-et-Vilaine), en cette nuit du mercredi 31\u00a0d\u00e9cembre 2025 au jeudi 1er\u00a0janvier 2026.<\/p>\n<p>Alors que la f\u00eate battait son plein, peu apr\u00e8s le passage \u00e0 la Nouvelle ann\u00e9e, un attroupement d\u2019une centaine de personnes se serait constitu\u00e9 autour d\u2019un feu, allum\u00e9 au milieu de la place Saint-Anne.<\/p>\n<p>Le pr\u00e9fet demande l\u2019intervention de la police<\/p>\n<p>Afin de faire cesser ce rassemblement le pr\u00e9fet du d\u00e9partement, Franck Robine, a demand\u00e9, sans tarder, une intervention massive de forces de l\u2019ordre sur les lieux du rassemblement.<\/p>\n<p><strong>Lire aussi\u00a0:<\/strong>\u00a0<a href=\"https:\/\/rennes.maville.com\/actu\/actudet_-deux-fourgons-incendies-pres-d-une-station-essence-le-soir-du-nouvel-an-a-rennes-treize-pompiers-mobilises-_7-7129272_actu.Htm\" target=\"_self\" rel=\"noopener\">Deux fourgons incendi\u00e9s pr\u00e8s d\u2019une station essence le soir du Nouvel an \u00e0 Rennes\u00a0: treize pompiers mobilis\u00e9s<\/a><\/p>\n<p>Selon les services de la pr\u00e9fecture d\u2019Ille-et-Vilaine, certains individus auraient jet\u00e9 des projectiles ou fait usage de mortiers d\u2019artifice \u00e0 l\u2019encontre des policiers pr\u00e9sents sur les lieux, qui ont r\u00e9pliqu\u00e9 en utilisant du gaz lacrymog\u00e8ne.<\/p>\n<p>\t<img decoding=\"async\" src=\"https:\/\/www.europesays.com\/fr\/wp-content\/uploads\/2026\/01\/P35667352D7129274G_px_640_.jpg\" alt=\"photo un feu a bri\u00e8vement \u00e9t\u00e9 allum\u00e9 place saint-anne, avant l\u2019intervention des forces de l\u2019ordre, puis des pompiers.  \u00a9  ouest france\" width=\"640\" title=\" Un feu a bri\u00e8vement \u00e9t\u00e9 allum\u00e9 place Saint-Anne, avant l\u2019intervention des forces de l\u2019ordre, puis des pompiers.   Ouest France \"\/><\/p>\n<p class=\"elmt-legende\"> Un feu a bri\u00e8vement \u00e9t\u00e9 allum\u00e9 place Saint-Anne, avant l\u2019intervention des forces de l\u2019ordre, puis des pompiers.   Ouest France <\/p>\n<p>\u00a0Un policier a \u00e9t\u00e9 l\u00e9g\u00e8rement bless\u00e9 au bras au cours de l\u2019intervention\u00a0, pr\u00e9cisent les services de la pr\u00e9fecture. \u00a0Les incidents ont \u00e9t\u00e9 brefs et l\u2019intervention de la police n\u2019a dur\u00e9 que quelques minutes.\u00a0<\/p>\n<p>\n                Nous avons bloqu\u00e9 l\u2019affichage de ce contenu pour respecter vos choix en mati\u00e8re de cookies.<br \/>En cliquant sur \u00abConsulter\u00bb, vous acceptez le d\u00e9p\u00f4t de cookies par des services de r\u00e9seaux sociaux tels que Twitter.<br \/>\n                Consulter\n            <\/p>\n<blockquote class=\"twitter-tweet\" wp_automatic_readability=\"10.387596899225\">\n<p lang=\"fr\" dir=\"ltr\"><a href=\"https:\/\/twitter.com\/hashtag\/S%C3%A9curit%C3%A9?src=hash&amp;ref_src=twsrc%5Etfw\" target=\"_blank\" rel=\"noopener\">#S\u00e9curit\u00e9<\/a> | Dans le centre-ville de Rennes, place St-Anne, la police est intervenue \u00e0 la demande du pr\u00e9fet Franck Robine, pr\u00e9fet d&rsquo;Ille-et-Vilaine pour faire cesser un attroupement d\u2019une centaine d&rsquo;individus ayant allum\u00e9 un feu, jetant de nombreux projectiles et tirant des\u2026 <a href=\"https:\/\/t.co\/zQdWUNX2pi\">pic.twitter.com\/zQdWUNX2pi<\/a><\/p>\n<p>\u2014 Pr\u00e9fet de Bretagne et d&rsquo;Ille-et-Vilaine (@bretagnegouv) <a href=\"https:\/\/twitter.com\/bretagnegouv\/status\/2006532924343005202?ref_src=twsrc%5Etfw\" target=\"_blank\" rel=\"noopener\">January 1, 2026<\/a><\/p><\/blockquote>\n<p>De nombreux CRS ont continu\u00e9 de patrouiller au niveau de la place dans les heures qui ont suivi ces affrontements.<\/p>\n<p>\u00a0<\/p>\n<p>\t\t<script async src=\"https:\/\/platform.twitter.com\/widgets.js\" charset=\"utf-8\"><\/script><\/p>\n","protected":false},"excerpt":{"rendered":"Les fourgons de CRS affluent dans le centre-ville de Rennes (Ille-et-Vilaine), en cette nuit du mercredi 31\u00a0d\u00e9cembre 2025&hellip;\n","protected":false},"author":2,"featured_media":638703,"comment_status":"","ping_status":"","sticky":false,"template":"","format":"standard","meta":{"footnotes":""},"categories":[2821],"tags":[1111,11,9626,74592,829,1777,674,7186,5729,1011,27,74591,7557,12,10542,5536,1072,584,25,74593],"class_list":{"0":"post-638702","1":"post","2":"type-post","3":"status-publish","4":"format-standard","5":"has-post-thumbnail","7":"category-rennes","8":"tag-actu","9":"tag-actualites","10":"tag-an","11":"tag-attroupement","12":"tag-bretagne","13":"tag-eu","14":"tag-europe","15":"tag-festivites","16":"tag-fin","17":"tag-fr","18":"tag-france","19":"tag-intervenue","20":"tag-mettre","21":"tag-news","22":"tag-nouvel","23":"tag-place","24":"tag-police","25":"tag-rennes","26":"tag-republique-francaise","27":"tag-saint-anne"},"share_on_mastodon":{"url":"https:\/\/pubeurope.com\/@fr\/115832323129234845","error":""},"_links":{"self":[{"href":"https:\/\/www.europesays.com\/fr\/wp-json\/wp\/v2\/posts\/638702","targetHints":{"allow":["GET"]}}],"collection":[{"href":"https:\/\/www.europesays.com\/fr\/wp-json\/wp\/v2\/posts"}],"about":[{"href":"https:\/\/www.europesays.com\/fr\/wp-json\/wp\/v2\/types\/post"}],"author":[{"embeddable":true,"href":"https:\/\/www.europesays.com\/fr\/wp-json\/wp\/v2\/users\/2"}],"replies":[{"embeddable":true,"href":"https:\/\/www.europesays.com\/fr\/wp-json\/wp\/v2\/comments?post=638702"}],"version-history":[{"count":0,"href":"https:\/\/www.europesays.com\/fr\/wp-json\/wp\/v2\/posts\/638702\/revisions"}],"wp:featuredmedia":[{"embeddable":true,"href":"https:\/\/www.europesays.com\/fr\/wp-json\/wp\/v2\/media\/638703"}],"wp:attachment":[{"href":"https:\/\/www.europesays.com\/fr\/wp-json\/wp\/v2\/media?parent=638702"}],"wp:term":[{"taxonomy":"category","embeddable":true,"href":"https:\/\/www.europesays.com\/fr\/wp-json\/wp\/v2\/categories?post=638702"},{"taxonomy":"post_tag","embeddable":true,"href":"https:\/\/www.europesays.com\/fr\/wp-json\/wp\/v2\/tags?post=638702"}],"curies":[{"name":"wp","href":"https:\/\/api.w.org\/{rel}","templated":true}]}}