{"id":638707,"date":"2026-01-03T17:24:14","date_gmt":"2026-01-03T17:24:14","guid":{"rendered":"https:\/\/www.europesays.com\/fr\/638707\/"},"modified":"2026-01-03T17:24:14","modified_gmt":"2026-01-03T17:24:14","slug":"suivez-le-match-de-la-17e-journee-de-ligue-1-en-live","status":"publish","type":"post","link":"https:\/\/www.europesays.com\/fr\/638707\/","title":{"rendered":"suivez le match de la 17e journ\u00e9e de Ligue 1 en live"},"content":{"rendered":"<p>Rosenior a entretenu le flou sur son avenir<\/p>\n<p>Annonc\u00e9 du c\u00f4t\u00e9 de Chelsea, l&rsquo;entra\u00eeneur du Racing Liam Rosenior a \u00e9t\u00e9 questionn\u00e9 sur sa situation vendredi, en conf\u00e9rence de presse d&rsquo;avant-match.<\/p>\n<p>\u00ab\u00a0Il y a beaucoup de bruits, beaucoup de sp\u00e9culations mais en tant qu&rsquo;entra\u00eeneur, si on s&rsquo;y int\u00e9resse, on devient fou et en g\u00e9n\u00e9ral on \u00e9choue\u00a0\u00bb, a assur\u00e9 l\u2019ancien d\u00e9fenseur. \u00ab\u00a0Mon job est ici, j&rsquo;aime ce club. Je travaille pour gagner ce match samedi. Mais bien s\u00fbr que je suis au courant des rumeurs.\u00a0\u00bb<\/p>\n<p><a href=\"https:\/\/rmcsport.bfmtv.com\/football\/clubs\/rc-strasbourg\/strasbourg-j-aime-ce-club-mais-je-ne-peux-rien-garantir-rosenior-entretient-le-flou-sur-un-possible-depart-a-chelsea_AV-202601020381.html\" title=\"Strasbourg: &quot;J&#039;aime ce club mais je ne peux rien garantir&quot;, Rosenior entretient le flou sur un possible d\u00e9part \u00e0 Chelsea\" class=\"internal_link\" target=\"_blank\" rel=\"noopener\">Avant d&rsquo;entretenir le doute<\/a>: \u00ab\u00a0Dans la vie, il y a z\u00e9ro garantie. Personne ne peut rien garantir. On ne sait pas de quoi sera fait demain. La seule chose que je peux garantir, c&rsquo;est de tout donner \u00e0 chaque fois. Je veux \u00e0 chaque fois faire mon travail tr\u00e8s professionnellement. Peu importe les sp\u00e9culations. (&#8230;) Je ne veux pas garantir la dur\u00e9e pendant laquelle je serai ici mais je prends du plaisir ici tous les jours. Personne ne le sait, ni les joueurs, ni le staff. Je compte continuer \u00e0 le faire tant que je serai ici. J&rsquo;aime ce club mais je ne peux rien garantir. Personne ne peut le faire.\u00a0\u00bb<\/p>\n<p>Une p\u00e9riode difficile aussi pour le directeur sportif ni\u00e7ois, Florian Maurice<\/p>\n<p>Le directeur sportif de Nice Florian Maurice a reconnu vendredi <a href=\"https:\/\/rmcsport.bfmtv.com\/football\/ligue-1\/je-me-suis-refugie-dans-le-travail-florian-maurice-a-vecu-une-periode-difficile-apres-les-incidents-a-nice_AD-202601020553.html\" title=\"&quot;Je me suis r\u00e9fugi\u00e9 dans le travail&quot;: Florian Maurice a v\u00e9cu &quot;une p\u00e9riode difficile&quot; apr\u00e8s les incidents \u00e0 Nice\" class=\"internal_link\" target=\"_blank\" rel=\"noopener\">avoir v\u00e9cu \u00ab\u00a0une p\u00e9riode difficile\u00a0\u00bb<\/a>, apr\u00e8s les incidents survenus dans la soir\u00e9e du 30 novembre, durant lesquels il a \u00e9t\u00e9 <a href=\"https:\/\/rmcsport.bfmtv.com\/football\/clubs\/ogc-nice\/crise-a-nice-psychologiquement-il-est-atteint-bocquet-en-dit-plus-sur-florian-maurice_AV-202512040783.html\" title=\"Crise \u00e0 Nice: &quot;Psychologiquement, il est atteint&quot;, Bocquet en dit plus sur Florian Maurice\" class=\"internal_link\" target=\"_blank\" rel=\"noopener\">pris \u00e0 partie par des supporters m\u00e9contents<\/a>. Depuis, \u00ab\u00a0\u00e7a a \u00e9t\u00e9 une p\u00e9riode difficile, je ne vous le cache pas\u00a0\u00bb, a-t-il expliqu\u00e9 lors de la pr\u00e9sentation de la premi\u00e8re recrue ni\u00e7oise du mercato hivernal, l&rsquo;attaquant Elye Wahi.<\/p>\n<p>\u00ab\u00a0Apr\u00e8s, je me suis r\u00e9fugi\u00e9 dans le travail, aupr\u00e8s de ma famille, au sein du club qui m&rsquo;a beaucoup soutenu\u00a0\u00bb, a-t-il continu\u00e9. \u00ab\u00a0C&rsquo;est important de le dire.\u00a0\u00bb Sans surjouer, il a indiqu\u00e9 : \u00ab\u00a0Je suis l\u00e0, je suis pr\u00e9sent. Je vais me battre pour faire un mercato qui puisse aider l&rsquo;\u00e9quipe \u00e0 retrouver un peu de fun, un peu de soleil, un peu de joie et des victoires. Je me sens bien. \u00c7a va.\u00a0\u00bb<\/p>\n<p>La premi\u00e8re pour l&rsquo;un, la derni\u00e8re pour l&rsquo;autre ?<\/p>\n<p>Bonsoir \u00e0 tous ! En grande difficult\u00e9 avant la tr\u00eave, l&rsquo;OGC Nice, qui a dit au revoir \u00e0 son entra\u00eeneur <a href=\"https:\/\/rmcsport.bfmtv.com\/football\/ligue-1\/franck-haise-n-est-plus-l-entraineur-de-l-ogc-nice-claude-puel-pressenti-pour-le-remplacer_AV-202512280186.html\" title=\"Franck Haise n&#039;est plus l&#039;entra\u00eeneur de l&#039;OGC Nice, Claude Puel pressenti pour le remplacer\" class=\"internal_link\" target=\"_blank\" rel=\"noopener\">Franck Haise<\/a> et son pr\u00e9sident <a href=\"https:\/\/rmcsport.bfmtv.com\/football\/clubs\/ogc-nice\/coup-de-tonnerre-a-nice-le-president-bocquet-quitte-ses-fonctions-rivere-reprend-le-pouvoir-en-pleine-crise-de-resultats_AV-202512190620.html\" title=\"Coup de tonnerre \u00e0 Nice: le pr\u00e9sident Bocquet quitte ses fonctions, Riv\u00e8re reprend le pouvoir en pleine crise de r\u00e9sultats\" class=\"internal_link\" target=\"_blank\" rel=\"noopener\">Fabrice Bocquet<\/a>, va tenter de r\u00e9agir ce samedi soir en Ligue 1, pour la premi\u00e8re du revenant <a href=\"https:\/\/rmcsport.bfmtv.com\/football\/clubs\/ogc-nice\/de-la-clarte-et-des-choses-simples-les-idees-de-claude-puel-pour-sortir-nice-de-la-crise_AV-202512290346.html\" title=\"&quot;De la clart\u00e9 et des choses simples&quot;, les id\u00e9es de Claude Puel pour sortir Nice de la crise\" class=\"internal_link\" target=\"_blank\" rel=\"noopener\">Claude Puel<\/a> sur son banc et avec <a href=\"https:\/\/rmcsport.bfmtv.com\/football\/clubs\/ogc-nice\/nice-puel-et-rivere-enterrent-les-petits-accrochages-entre-eux-pour-relancer-la-famille-nicoise_AV-202512290465.html\" title=\"Nice: Puel et Riv\u00e8re enterrent les &quot;petits accrochages&quot; entre eux pour relancer &quot;la famille&quot; ni\u00e7oise\" class=\"internal_link\" target=\"_blank\" rel=\"noopener\">Jean-Pierre Riv\u00e8re<\/a> en tribune pr\u00e9sidentielle.<\/p>\n<p>En face, l&rsquo;entra\u00eeneur de Strasbourg Liam Rosenior risque lui de diriger son dernier match comme coach du club alsacien, <a href=\"https:\/\/rmcsport.bfmtv.com\/football\/transferts\/mercato-chelsea-officialise-l-eviction-de-maresca-rosenior-en-pole-pour-lui-succeder-selon-la-presse-anglaise_AV-202601010324.html\" title=\"Mercato: Chelsea officialise l&#039;\u00e9viction de Maresca, Rosenior en pole pour lui succ\u00e9der selon la presse anglaise\" class=\"internal_link\" target=\"_blank\" rel=\"noopener\">avant de partir du c\u00f4t\u00e9 de Chelsea<\/a>. Coup d&rsquo;envoi \u00e0 19h !<\/p>\n","protected":false},"excerpt":{"rendered":"Rosenior a entretenu le flou sur son avenir Annonc\u00e9 du c\u00f4t\u00e9 de Chelsea, l&rsquo;entra\u00eeneur du Racing Liam Rosenior&hellip;\n","protected":false},"author":2,"featured_media":638708,"comment_status":"","ping_status":"","sticky":false,"template":"","format":"standard","meta":{"footnotes":""},"categories":[2820],"tags":[1111,11,1777,674,1011,27,775,12,25,640],"class_list":{"0":"post-638707","1":"post","2":"type-post","3":"status-publish","4":"format-standard","5":"has-post-thumbnail","7":"category-strasbourg","8":"tag-actu","9":"tag-actualites","10":"tag-eu","11":"tag-europe","12":"tag-fr","13":"tag-france","14":"tag-grand-est","15":"tag-news","16":"tag-republique-francaise","17":"tag-strasbourg"},"share_on_mastodon":{"url":"https:\/\/pubeurope.com\/@fr\/115832334787192928","error":""},"_links":{"self":[{"href":"https:\/\/www.europesays.com\/fr\/wp-json\/wp\/v2\/posts\/638707","targetHints":{"allow":["GET"]}}],"collection":[{"href":"https:\/\/www.europesays.com\/fr\/wp-json\/wp\/v2\/posts"}],"about":[{"href":"https:\/\/www.europesays.com\/fr\/wp-json\/wp\/v2\/types\/post"}],"author":[{"embeddable":true,"href":"https:\/\/www.europesays.com\/fr\/wp-json\/wp\/v2\/users\/2"}],"replies":[{"embeddable":true,"href":"https:\/\/www.europesays.com\/fr\/wp-json\/wp\/v2\/comments?post=638707"}],"version-history":[{"count":0,"href":"https:\/\/www.europesays.com\/fr\/wp-json\/wp\/v2\/posts\/638707\/revisions"}],"wp:featuredmedia":[{"embeddable":true,"href":"https:\/\/www.europesays.com\/fr\/wp-json\/wp\/v2\/media\/638708"}],"wp:attachment":[{"href":"https:\/\/www.europesays.com\/fr\/wp-json\/wp\/v2\/media?parent=638707"}],"wp:term":[{"taxonomy":"category","embeddable":true,"href":"https:\/\/www.europesays.com\/fr\/wp-json\/wp\/v2\/categories?post=638707"},{"taxonomy":"post_tag","embeddable":true,"href":"https:\/\/www.europesays.com\/fr\/wp-json\/wp\/v2\/tags?post=638707"}],"curies":[{"name":"wp","href":"https:\/\/api.w.org\/{rel}","templated":true}]}}