{"id":638711,"date":"2026-01-03T17:26:13","date_gmt":"2026-01-03T17:26:13","guid":{"rendered":"https:\/\/www.europesays.com\/fr\/638711\/"},"modified":"2026-01-03T17:26:13","modified_gmt":"2026-01-03T17:26:13","slug":"ogc-nice-mercato-mauvaise-nouvelle-pour-la-priorite-de-lhiver-mais","status":"publish","type":"post","link":"https:\/\/www.europesays.com\/fr\/638711\/","title":{"rendered":"OGC Nice Mercato : mauvaise nouvelle pour LA priorit\u00e9 de l&rsquo;hiver, mais&#8230;"},"content":{"rendered":"<p>Nouvelle alerte pour l\u2019OGC Nice : alors que le retour d\u2019Amir Richardson semblait avancer, une offensive de Neom SC vient chambouler la donne. Le club azur\u00e9en risque de perdre sa priorit\u00e9 hivernale dans un mercato sous haute tension.<\/p>\n<p>Neom esp\u00e8re Richardson\u2026 qui ne veut que Nice<\/p>\n<p>D\u00e9termin\u00e9 \u00e0 renforcer son entrejeu cet hiver, <a href=\"https:\/\/www.butfootballclub.fr\/1636635-mercato-une-recrue-de-taille-snobe-publiquement-lom-et-le-fc-nantes-pour-un-autre-club-de-ligue-1\/\" target=\"_blank\" rel=\"noreferrer noopener\">Nice esp\u00e9rait boucler le retour d\u2019Amir Richardson<\/a>, jeune milieu marocain form\u00e9 au club. Contact r\u00e9gulier avec la Fiorentina, discussions sur un pr\u00eat : tout semblait align\u00e9 pour un come-back sous le maillot rouge et noir.<\/p>\n<p>Mais \u00e0 l\u2019approche de la cl\u00f4ture du mercato, les plans du Gym se brouillent : Neom SC, nouvel acteur agressif de la Saudi Pro League, vient de s\u2019immiscer dans la course, comme l\u2019indique <a href=\"https:\/\/www.lequipe.fr\/Football\/Actualites\/Transferts-neom-se-lance-sur-amir-richardson-convoite-par-nice\/1630879\" target=\"_blank\" rel=\"noreferrer noopener\">L\u2019\u00c9quipe<\/a>. Apr\u00e8s avoir attir\u00e9 l\u2019\u00e9t\u00e9 dernier des noms comme Marcin Bulka ou Sa\u00efd Benrahma, le club saoudien cible maintenant Richardson avec une offre salariale bien sup\u00e9rieure \u00e0 ce que Nice peut proposer.<\/p>\n<p>Pourtant, \u00e0 23 ans et engag\u00e9 avec la Fiorentina jusqu\u2019en 2029, Amir Richardson reste focalis\u00e9 sur un retour \u00e0 Nice. La perspective de retrouver son club de c\u0153ur et d\u2019y franchir un cap d\u00e9cisif prime toujours dans son choix initial. Mais la puissance de l\u2019Arabie saoudite repr\u00e9sente tout de m\u00eame une menace constante tant que rien n\u2019est sign\u00e9\u2026<\/p>\n<p> Un mercato sous la menace saoudienne pour les clubs fran\u00e7ais<\/p>\n<p>La bataille Nice\u2013Neom n\u2019est que le reflet d\u2019un march\u00e9 des transferts boulevers\u00e9 : la Saudi Pro League multiplie les offensives sur les p\u00e9pites form\u00e9es en France. Les salaires, les projets sportifs, tout est mis en \u0153uvre pour s\u00e9duire ces jeunes talents et d\u00e9sorganiser les plans des clubs de Ligue 1.<\/p>\n<p>Pour le Gym, le choc est frontal. S\u2019emparer de Richardson, c\u2019est afficher ses ambitions et conserver une identit\u00e9 forte. Mais l\u2019incursion de Neom change compl\u00e8tement l\u2019\u00e9quation : l\u2019issue se jouera sur la r\u00e9silience du joueur et sur la capacit\u00e9 de Nice \u00e0 s\u2019aligner ou \u00e0 convaincre autrement.<\/p>\n<p>Quel d\u00e9nouement pour le Gym ?<\/p>\n<p>Alors que la fen\u00eatre de transferts s\u2019ach\u00e8ve, le suspense reste total autour de la priorit\u00e9 du mercato ni\u00e7ois. Nice, qui pensait tenir son deuxi\u00e8me renfort hivernal apr\u00e8s Wahi, doit d\u00e9sormais affronter la pression d\u2019un concurrent capable de renverser la table \u00e0 tout moment.<\/p>\n<p>Le dernier mot revient comme toujours au joueur\u2026 mais pour l\u2019OGC Nice, le temps presse. Amir Richardson incarne plus que jamais le bras de fer \u00e9conomique et sportif qui s\u2019installe entre Ligue 1 et Saudi Pro League.<\/p>\n<blockquote class=\"twitter-tweet\">\n<p lang=\"fr\" dir=\"ltr\">Neom se lance sur Amir Richardson, convoit\u00e9 par Nice<br \/>\u27a1\ufe0f <a href=\"https:\/\/t.co\/SO3lPHTGce\">https:\/\/t.co\/SO3lPHTGce<\/a> <a href=\"https:\/\/t.co\/zyLLCd1xse\">pic.twitter.com\/zyLLCd1xse<\/a><\/p>\n<p>\u2014 L&rsquo;\u00c9quipe (@lequipe) <a href=\"https:\/\/twitter.com\/lequipe\/status\/2007471646299275726?ref_src=twsrc%5Etfw\" target=\"_blank\" rel=\"noopener\">January 3, 2026<\/a><\/p><\/blockquote>\n<p>  <script async src=\"https:\/\/platform.twitter.com\/widgets.js\" charset=\"utf-8\"><\/script><\/p>\n","protected":false},"excerpt":{"rendered":"Nouvelle alerte pour l\u2019OGC Nice : alors que le retour d\u2019Amir Richardson semblait avancer, une offensive de Neom&hellip;\n","protected":false},"author":2,"featured_media":638712,"comment_status":"","ping_status":"","sticky":false,"template":"","format":"standard","meta":{"footnotes":""},"categories":[2819],"tags":[1111,11,1777,674,1011,27,12,2401,882,25],"class_list":{"0":"post-638711","1":"post","2":"type-post","3":"status-publish","4":"format-standard","5":"has-post-thumbnail","7":"category-nice","8":"tag-actu","9":"tag-actualites","10":"tag-eu","11":"tag-europe","12":"tag-fr","13":"tag-france","14":"tag-news","15":"tag-nice","16":"tag-provence-alpes-cote-dazur","17":"tag-republique-francaise"},"share_on_mastodon":{"url":"https:\/\/pubeurope.com\/@fr\/115832342642433150","error":""},"_links":{"self":[{"href":"https:\/\/www.europesays.com\/fr\/wp-json\/wp\/v2\/posts\/638711","targetHints":{"allow":["GET"]}}],"collection":[{"href":"https:\/\/www.europesays.com\/fr\/wp-json\/wp\/v2\/posts"}],"about":[{"href":"https:\/\/www.europesays.com\/fr\/wp-json\/wp\/v2\/types\/post"}],"author":[{"embeddable":true,"href":"https:\/\/www.europesays.com\/fr\/wp-json\/wp\/v2\/users\/2"}],"replies":[{"embeddable":true,"href":"https:\/\/www.europesays.com\/fr\/wp-json\/wp\/v2\/comments?post=638711"}],"version-history":[{"count":0,"href":"https:\/\/www.europesays.com\/fr\/wp-json\/wp\/v2\/posts\/638711\/revisions"}],"wp:featuredmedia":[{"embeddable":true,"href":"https:\/\/www.europesays.com\/fr\/wp-json\/wp\/v2\/media\/638712"}],"wp:attachment":[{"href":"https:\/\/www.europesays.com\/fr\/wp-json\/wp\/v2\/media?parent=638711"}],"wp:term":[{"taxonomy":"category","embeddable":true,"href":"https:\/\/www.europesays.com\/fr\/wp-json\/wp\/v2\/categories?post=638711"},{"taxonomy":"post_tag","embeddable":true,"href":"https:\/\/www.europesays.com\/fr\/wp-json\/wp\/v2\/tags?post=638711"}],"curies":[{"name":"wp","href":"https:\/\/api.w.org\/{rel}","templated":true}]}}