{"id":638713,"date":"2026-01-03T17:28:23","date_gmt":"2026-01-03T17:28:23","guid":{"rendered":"https:\/\/www.europesays.com\/fr\/638713\/"},"modified":"2026-01-03T17:28:23","modified_gmt":"2026-01-03T17:28:23","slug":"del-castillo-de-brest-a-nantes-la-reponse-vexante-deric-roy","status":"publish","type":"post","link":"https:\/\/www.europesays.com\/fr\/638713\/","title":{"rendered":"Del Castillo de Brest \u00e0 Nantes ? La r\u00e9ponse vexante d&rsquo;Eric Roy"},"content":{"rendered":"<p>La rumeur d\u2019un possible int\u00e9r\u00eat du FC Nantes pour Romain Del Castillo n\u2019a pas d\u00e9clench\u00e9 l\u2019ombre d\u2019une inqui\u00e9tude chez \u00c9ric Roy. Elle a surtout provoqu\u00e9 une salve d\u2019ironie en conf\u00e9rence de presse relay\u00e9e par Ouest France et le T\u00e9l\u00e9gramme, presque moqueuse, comme pour mieux d\u00e9samorcer ce qu\u2019il consid\u00e8re comme un non-sujet. \u00ab Il \u00e9tait en jaune ce matin. Il avait des chaussures jaunes et une chasuble jaune. Merde ! Il pourra jouer demain quand m\u00eame ? \u00bb D\u00e8s l\u2019entr\u00e9e en mati\u00e8re, le ton est donn\u00e9 : amusement, distance, et un refus clair de prendre cette hypoth\u00e8se au s\u00e9rieux.<\/p>\n<p>Pour l\u2019entra\u00eeneur brestois, l\u2019id\u00e9e m\u00eame que son ailier puisse \u00eatre perturb\u00e9 par Nantes rel\u00e8ve d\u2019un malentendu. \u00ab Si Romain est d\u00e9stabilis\u00e9 pour aller \u00e0 Nantes, c\u2019est triste pour nous \u00bb, l\u00e2che-t-il, avant d\u2019appuyer l\u00e0 o\u00f9 \u00e7a pique. La comparaison est directe, sans d\u00e9tour, presque brutale : \u00ab Si Chelsea l\u2019avait appel\u00e9 ou le PSG\u2026 \u00e0 la limite, je veux bien. \u00bb Sous-entendu limpide : Nantes n\u2019entre pas dans la m\u00eame cat\u00e9gorie, ni sportive, ni symbolique.<\/p>\n<p>A lire aussi :Aucun int\u00e9r\u00eat de le laisser partir \u00e0 Nantes<\/p>\n<p>Roy enfonce le clou avec un argument simple, presque comptable : \u00ab Je crois qu\u2019on a un peu plus de points que Nantes aujourd\u2019hui. \u00bb Une phrase s\u00e8che, qui suffit \u00e0 hi\u00e9rarchiser les ambitions et \u00e0 rappeler le rapport de force du moment. Le message est clair : Brest n\u2019est pas un club de transition vers Nantes, et Del Castillo n\u2019a aucune raison sportive de regarder ailleurs.<\/p>\n<p>L\u2019entra\u00eeneur conclut en \u00e9largissant le propos au mercato lui-m\u00eame, qu\u2019il observe avec un d\u00e9tachement assum\u00e9 : \u00ab Je ne sais pas encore quels joueurs doivent venir, alors ceux qui doivent partir, encore moins. \u00c7a m\u2019int\u00e9resse peu en fait. \u00bb Rideau. Pour \u00c9ric Roy, le dossier Del Castillo\u2013Nantes n\u2019est ni une menace ni un d\u00e9bat : juste une rumeur de plus, balay\u00e9e d\u2019un sourire et d\u2019une pique bien sentie.<\/p>\n<p>   Partagez cette info avec vos amis et vos proches en cliquant ici<br \/> Pour r\u00e9sumer<\/p>\n<p>\u00c9ric Roy balaie la rumeur Del Castillo \u00e0 Nantes avec ironie. Pour lui, un tel int\u00e9r\u00eat n\u2019a rien de d\u00e9stabilisant. Il conc\u00e8de qu\u2019un appel de Chelsea ou du PSG aurait du sens, rappelant au passage que Brest compte aujourd\u2019hui plus de points que Nantes.<\/p>\n<p>R\u00e9dacteur<\/p>\n<p><img decoding=\"async\" width=\"76\" height=\"76\" loading=\"lazy\" src=\"https:\/\/www.europesays.com\/fr\/wp-content\/uploads\/2025\/04\/logo-julien-pedebos.jpg\" alt=\"Julien P\u00e9debos\"\/><\/p>\n","protected":false},"excerpt":{"rendered":"La rumeur d\u2019un possible int\u00e9r\u00eat du FC Nantes pour Romain Del Castillo n\u2019a pas d\u00e9clench\u00e9 l\u2019ombre d\u2019une inqui\u00e9tude&hellip;\n","protected":false},"author":2,"featured_media":638714,"comment_status":"","ping_status":"","sticky":false,"template":"","format":"standard","meta":{"footnotes":""},"categories":[2818],"tags":[1111,11,1777,674,1011,27,66,766,12,2636,25,10662],"class_list":{"0":"post-638713","1":"post","2":"type-post","3":"status-publish","4":"format-standard","5":"has-post-thumbnail","7":"category-nantes","8":"tag-actu","9":"tag-actualites","10":"tag-eu","11":"tag-europe","12":"tag-fr","13":"tag-france","14":"tag-ligue-1","15":"tag-nantes","16":"tag-news","17":"tag-pays-de-la-loire","18":"tag-republique-francaise","19":"tag-transferts"},"share_on_mastodon":{"url":"https:\/\/pubeurope.com\/@fr\/115832350505169493","error":""},"_links":{"self":[{"href":"https:\/\/www.europesays.com\/fr\/wp-json\/wp\/v2\/posts\/638713","targetHints":{"allow":["GET"]}}],"collection":[{"href":"https:\/\/www.europesays.com\/fr\/wp-json\/wp\/v2\/posts"}],"about":[{"href":"https:\/\/www.europesays.com\/fr\/wp-json\/wp\/v2\/types\/post"}],"author":[{"embeddable":true,"href":"https:\/\/www.europesays.com\/fr\/wp-json\/wp\/v2\/users\/2"}],"replies":[{"embeddable":true,"href":"https:\/\/www.europesays.com\/fr\/wp-json\/wp\/v2\/comments?post=638713"}],"version-history":[{"count":0,"href":"https:\/\/www.europesays.com\/fr\/wp-json\/wp\/v2\/posts\/638713\/revisions"}],"wp:featuredmedia":[{"embeddable":true,"href":"https:\/\/www.europesays.com\/fr\/wp-json\/wp\/v2\/media\/638714"}],"wp:attachment":[{"href":"https:\/\/www.europesays.com\/fr\/wp-json\/wp\/v2\/media?parent=638713"}],"wp:term":[{"taxonomy":"category","embeddable":true,"href":"https:\/\/www.europesays.com\/fr\/wp-json\/wp\/v2\/categories?post=638713"},{"taxonomy":"post_tag","embeddable":true,"href":"https:\/\/www.europesays.com\/fr\/wp-json\/wp\/v2\/tags?post=638713"}],"curies":[{"name":"wp","href":"https:\/\/api.w.org\/{rel}","templated":true}]}}