{"id":638715,"date":"2026-01-03T17:30:16","date_gmt":"2026-01-03T17:30:16","guid":{"rendered":"https:\/\/www.europesays.com\/fr\/638715\/"},"modified":"2026-01-03T17:30:16","modified_gmt":"2026-01-03T17:30:16","slug":"ce-viticulteur-sinterroge-sur-lavenir-du-vin-de-bordeaux","status":"publish","type":"post","link":"https:\/\/www.europesays.com\/fr\/638715\/","title":{"rendered":"ce viticulteur s&rsquo;interroge sur l&rsquo;avenir du vin de Bordeaux"},"content":{"rendered":"<p class=\"article__intro\">Renaud Jean, viticulteur \u00e0 Roquebrune en Gironde, a commenc\u00e9 la taille de sa vigne dans l&rsquo;incertitude la plus totale. En raison de la crise qui touche durablement les vins de Bordeaux, le vigneron publie un livre sur l&rsquo;avenir de la profession.<\/p>\n<p>\n      L\u2019actu des r\u00e9gions\n    <\/p>\n<p>\n      Chaque jour, un tour d\u2019horizon des principales infos de toutes les r\u00e9gions.\n    <\/p>\n<p>    France T\u00e9l\u00e9visions utilise votre adresse e-mail afin de vous envoyer la newsletter \u00ab\u00a0L\u2019actu des r\u00e9gions\u00a0\u00bb. Vous pouvez vous d\u00e9sinscrire \u00e0 tout moment via le lien en bas de cette newsletter. <a target=\"_blank\" href=\"https:\/\/www.francetelevisions.fr\/groupe\/confidentialite\/politique-de-confidentialite\/politique-de-confidentialite-de-france-televisions-6503\" rel=\"noopener\">Notre politique de confidentialit\u00e9<\/a><\/p>\n<p>\u00ab\u00a0On taille, mais on est dans l&rsquo;incertitude la plus totale !\u00a0\u00bb Renaud Jean, viticulteur \u00e0 Roquebrune, dans le R\u00e9olais, dans le sud de la Gironde, a commenc\u00e9 la taille de sa vigne le c\u0153ur serr\u00e9 en ce d\u00e9but de janvier. La m\u00e9t\u00e9o est glaciale ces derniers jours, tout comme les perspectives dans le monde viticole. Le vigneron a \u00e9t\u00e9 oblig\u00e9 de r\u00e9duire ses surfaces de 80 \u00e0 9 hectares, abandonnant ses fermages et arrachant massivement les pieds de vigne en raison de la crise qui frappe s\u00e9v\u00e8rement les vins de la r\u00e9gion ces derni\u00e8res ann\u00e9es. <br \/>Quel avenir pour Bordeaux ? Le Girondin s&rsquo;interroge alors que les aides du gouvernement tardent \u00e0 arriver.<\/p>\n<p><a data-article-figure=\"\" href=\"https:\/\/france3-regions.franceinfo.fr\/image\/1cuT4DbJwowH4whkDPTHUbQuYag\/1920x1080\/regions\/2026\/01\/03\/m33-taille-des-vignes-sur-fond-de-crise-00-00-00-24-6958f8c6e4285290030207.jpg\" data-pswp-width=\"1920\" data-pswp-height=\"1080\" target=\"_blank\" rel=\"noopener\"><\/p>\n<p>          <img width=\"600\" height=\"400\" class=\"article-image lazy\" data-src=\"https:\/\/www.europesays.com\/fr\/wp-content\/uploads\/2026\/01\/m33-taille-des-vignes-sur-fond-de-crise-00-00-00-24-6958f8c6e4285290030207.jpg\" alt=\"Les vignes de Renaud Jean \u00e0 Roquebrune.\" fetchpriority=\"high\" as=\"image\"\/><\/p>\n<p>\n            Les vignes de Renaud Jean \u00e0 Roquebrune.<br \/>\n                           \u2022<br \/>\n                                      \u00a9 France 3 Aquitaine\n                      <\/p>\n<p><\/a><\/p>\n<p>Le geste est ma\u00eet<strong>r<\/strong>is\u00e9, mais son esprit est ailleurs. \u00ab\u00a0La d\u00e9croissance dans le monde en termes de consommation est flagrante donc on taille, oui, car on se dit que l&rsquo;on ne va pas tout arracher, mais je r\u00e9duis car \u00e7a co\u00fbte cher\u00a0\u00bb, confie le vigneron.<\/p>\n<p>\u00ab\u00a0L&rsquo;id\u00e9e est de r\u00e9duire les temps de pliage et de taille pour r\u00e9duire la main-d\u2019\u0153uvre et donc les co\u00fbts de production\u00a0\u00bb. Car les temps sont tr\u00e8s durs pour les petits viticulteurs. Renaud Jean est pass\u00e9 de 17 \u00e0 4 salari\u00e9s et ne produit plus que 350 hectolitres au lieu des 3 800 en 2020.<\/p>\n<p><strong>CARTE.<\/strong> Renaud Jean est install\u00e9 au sud du d\u00e9partement de la Gironde, \u00e0 Roquebrune. <\/p>\n<\/p>\n<p>Il vient de publier un livre en forme de r\u00e9flexion sur des solutions entre arrachage, distillation en temps de crise et la reconnaissance des prix de production. Pour Renaud Jean, il a \u00ab\u00a0une d\u00e9consommation tr\u00e8s forte sur les vins rouge, et aussi sur les vins blancs, m\u00eame si elle est moins forte\u00a0\u00bb.<\/p>\n<blockquote class=\"ftvi_content_quote\">\n<p class=\"ftvi_citation_quote\">La d\u00e9consommation est ancr\u00e9e. Elle n&rsquo;est pas qu&rsquo;\u00e0 Bordeaux, elle est mondiale et profonde.<\/p>\n<p>Renaud Jean,<\/p>\n<p class=\"ftvi_citation_source\">viticulteur \u00e0 Roquebrune (Gironde)<\/p>\n<\/blockquote>\n<p>Cette d\u00e9consommation est \u00ab\u00a0un ph\u00e9nom\u00e8ne de soci\u00e9t\u00e9, on passe moins de temps \u00e0 table\u00a0\u00bb, explique-t-il.<\/p>\n<p><a data-article-figure=\"\" href=\"https:\/\/france3-regions.franceinfo.fr\/image\/_3LRYovljtN2szlRIc8WDSAWLec\/1920x1080\/regions\/2026\/01\/03\/m33-taille-des-vignes-sur-fond-de-crise-00-00-59-03-6959336ee62b4814519120.jpg\" data-pswp-width=\"1920\" data-pswp-height=\"1080\" target=\"_blank\" rel=\"noopener\"><\/p>\n<p>          <img width=\"600\" height=\"400\" class=\"article-image lazy\" data-src=\"https:\/\/www.europesays.com\/fr\/wp-content\/uploads\/2026\/01\/m33-taille-des-vignes-sur-fond-de-crise-00-00-59-03-6959336ee62b4814519120.jpg\" alt=\"Le livre de Renaud Jean a publi\u00e9 avec le collectif des viticulteurs 33.\" fetchpriority=\"high\" as=\"image\"\/><\/p>\n<p>\n            Le livre de Renaud Jean a publi\u00e9 avec le collectif des viticulteurs 33.<br \/>\n                           \u2022<br \/>\n                                      \u00a9 France 3 Aquitaine\n                      <\/p>\n<p><\/a><\/p>\n<p>Malgr\u00e9 les 20 000 hectares de vignes arrach\u00e9s dans le Bordelais depuis trois ans, les vignerons sont en attente de nouvelles aides et des modalit\u00e9s de leur application. Le plan annonc\u00e9 par la ministre de l&rsquo;agriculture Annie Genevard \u00e0 130 millions d&rsquo;euros est retard\u00e9 puisque le budget de l&rsquo;Etat n&rsquo;a pas \u00e9t\u00e9 vot\u00e9. Entre col\u00e8re et manque de perspectives, la profession viticole rejoint les agriculteurs m\u00e9contents cet hiver.<br \/>\u00ab\u00a0On a eu des dizaines de millions mis sur la table en plusieurs fois pour atteindre une enveloppe de 800 millions environ (pour l&rsquo;hexagone), ce qui aurait permis d&rsquo;arracher 53 \u00e0 60 000 hectares en France s&rsquo;ils avaient \u00e9t\u00e9 mis en seule une fois et si cela avait \u00e9t\u00e9 fait il y a trois, on n&rsquo;en serait pas l\u00e0 aujourd&rsquo;hui\u00a0\u00bb, d\u00e9plore Didier Cousiney porte-parole du collectif Viti 33.<\/p>\n<p>Sur la saison 2024\/2025, 3,2 millions d&rsquo;hectolitres de vins ont \u00e9t\u00e9 vendus \u00e0 Bordeaux, un chiffre en baisse de 7 % par rapport \u00e0 l&rsquo;ann\u00e9e pr\u00e9c\u00e9dente, selon des chiffres pr\u00e9sent\u00e9s lors de la derni\u00e8re r\u00e9union de la cellule de crise en pr\u00e9fecture, en octobre dernier.<\/p>\n<p>L&rsquo;urgence viticole est toujours d&rsquo;actualit\u00e9. \u00ab\u00a0Nous travaillons sans rel\u00e2che avec la profession pour caler les modalit\u00e9s d\u2019application des mesures d\u2019aides annonc\u00e9es dans le cadre du plan de sortie de crise afin de r\u00e9pondre aux besoins avec le maximum d\u2019efficacit\u00e9, car au-del\u00e0 des montants, mon souci est comment r\u00e9soudre enfin cette crise. \u00c9videmment l\u2019absence de budget, que je regrette au plus haut point, va retarder sa mise en \u0153uvre et d\u00e9caler d\u2019autant le soutien qu\u2019attendent les vignerons\u00a0\u00bb, a pr\u00e9venu Annie Genavard, le 30 d\u00e9cembre.<\/p>\n<p>\u00a0<\/p>\n","protected":false},"excerpt":{"rendered":"Renaud Jean, viticulteur \u00e0 Roquebrune en Gironde, a commenc\u00e9 la taille de sa vigne dans l&rsquo;incertitude la plus&hellip;\n","protected":false},"author":2,"featured_media":638716,"comment_status":"","ping_status":"","sticky":false,"template":"","format":"standard","meta":{"footnotes":""},"categories":[2817],"tags":[1111,11,1997,1777,674,1011,27,12,2219,25],"class_list":{"0":"post-638715","1":"post","2":"type-post","3":"status-publish","4":"format-standard","5":"has-post-thumbnail","7":"category-bordeaux","8":"tag-actu","9":"tag-actualites","10":"tag-bordeaux","11":"tag-eu","12":"tag-europe","13":"tag-fr","14":"tag-france","15":"tag-news","16":"tag-nouvelle-aquitaine","17":"tag-republique-francaise"},"share_on_mastodon":{"url":"https:\/\/pubeurope.com\/@fr\/115832358502438791","error":""},"_links":{"self":[{"href":"https:\/\/www.europesays.com\/fr\/wp-json\/wp\/v2\/posts\/638715","targetHints":{"allow":["GET"]}}],"collection":[{"href":"https:\/\/www.europesays.com\/fr\/wp-json\/wp\/v2\/posts"}],"about":[{"href":"https:\/\/www.europesays.com\/fr\/wp-json\/wp\/v2\/types\/post"}],"author":[{"embeddable":true,"href":"https:\/\/www.europesays.com\/fr\/wp-json\/wp\/v2\/users\/2"}],"replies":[{"embeddable":true,"href":"https:\/\/www.europesays.com\/fr\/wp-json\/wp\/v2\/comments?post=638715"}],"version-history":[{"count":0,"href":"https:\/\/www.europesays.com\/fr\/wp-json\/wp\/v2\/posts\/638715\/revisions"}],"wp:featuredmedia":[{"embeddable":true,"href":"https:\/\/www.europesays.com\/fr\/wp-json\/wp\/v2\/media\/638716"}],"wp:attachment":[{"href":"https:\/\/www.europesays.com\/fr\/wp-json\/wp\/v2\/media?parent=638715"}],"wp:term":[{"taxonomy":"category","embeddable":true,"href":"https:\/\/www.europesays.com\/fr\/wp-json\/wp\/v2\/categories?post=638715"},{"taxonomy":"post_tag","embeddable":true,"href":"https:\/\/www.europesays.com\/fr\/wp-json\/wp\/v2\/tags?post=638715"}],"curies":[{"name":"wp","href":"https:\/\/api.w.org\/{rel}","templated":true}]}}