{"id":638721,"date":"2026-01-03T17:33:09","date_gmt":"2026-01-03T17:33:09","guid":{"rendered":"https:\/\/www.europesays.com\/fr\/638721\/"},"modified":"2026-01-03T17:33:09","modified_gmt":"2026-01-03T17:33:09","slug":"mouvaux-la-touchante-histoire-de-ruben-chien-abandonne-dans-un-appartement-et-adopte-par-une-famille","status":"publish","type":"post","link":"https:\/\/www.europesays.com\/fr\/638721\/","title":{"rendered":"Mouvaux. La touchante histoire de Ruben, chien abandonn\u00e9 dans un appartement et adopt\u00e9 par une famille"},"content":{"rendered":"<p>                    Par<br \/>\n        <strong><br \/>\n            <a href=\"https:\/\/actu.fr\/auteur\/amandine-vachez\" title=\"Consulter tous les articles de Amandine Vachez\" target=\"_blank\" rel=\"noopener\">Amandine Vachez<\/a><br \/>\n                    <\/strong><\/p>\n<p>        Publi\u00e9 le<\/p>\n<p>            3 janv. 2026 \u00e0 17h00        <\/p>\n<p>C\u2019est une histoire poignante qui se termine fort heureusement d\u2019une belle mani\u00e8re, que la Police nationale a partag\u00e9 en ce <b>d\u00e9but d\u2019ann\u00e9e 2026. Ruben, un berger australien <\/b>laiss\u00e9 seul l\u2019essentiel du temps<b> dans un appartement \u00e0 Mouvaux <\/b>(Nord), a \u00e9t\u00e9<b> retir\u00e9 \u00e0 sa ma\u00eetresse<\/b> peu scrupuleuse et remis \u00e0 la SPA. Il a tr\u00e8s rapidement rejoint une famille !<\/p>\n<p>Le chien laiss\u00e9 seul dans l\u2019appartement depuis 8 mois<\/p>\n<p class=\" wall-content\">Dans un <a href=\"https:\/\/www.facebook.com\/PoliceNat59\/posts\/pfbid0YP8iGGE1UJLke1Fq3ThrA4Haqe1Zsp2JXLyGmEhw67kiH5L3jUfR68yUmLJCKyekl\" target=\"_blank\" rel=\"noopener\">post \u00e9dit\u00e9 sur les r\u00e9seaux sociaux<\/a>, la Police nationale du Nord revient sur cette intervention marquante. Apr\u00e8s signalement, des r\u00e9f\u00e9rents \u00ab\u00a0<a href=\"https:\/\/actu.fr\/tag\/maltraitance-animale\" target=\"_blank\" rel=\"noopener\">maltraitance animale<\/a>\u00a0\u00bb de l\u2019unit\u00e9 de Tourcoing se sont rendus \u00e0 Mouvaux pour \u00ab\u00a0v\u00e9rifier la situation d\u2019un chien, <b>Ruben, laiss\u00e9 seul dans un appartement depuis 8 mois. <\/b>Sur place, les policiers constataient qu\u2019un berger australien \u00e9tait enferm\u00e9 en permanence, sans pr\u00e9sence humaine, aboyant et pleurant pour appeler \u00e0 l\u2019aide.\u00a0\u00bb<\/p>\n<p class=\" wall-content\">L\u2019enqu\u00eate de voisinage a permis aux enqu\u00eateurs d\u2019\u00e9tablir que \u00ab\u00a0la propri\u00e9taire avait quitt\u00e9 le logement depuis plusieurs mois et ne revenait qu\u2019une seule fois par jour, bri\u00e8vement, pour nourrir et sortir l\u2019animal, le laissant ensuite seul le reste du temps.\u00a0\u00bb<\/p>\n<p>L\u2019animal retir\u00e9 \u00e0 sa propri\u00e9taire et rapidement adopt\u00e9<\/p>\n<p class=\" wall-content\">Une proc\u00e9dure judiciaire pour <b>abandon d\u2019animal<\/b> a aussit\u00f4t \u00e9t\u00e9 engag\u00e9e. Une perquisition a \u00e9t\u00e9 autoris\u00e9e afin de proc\u00e9der au <b>retrait de l\u2019animal. <\/b>\u00ab\u00a0Ruben a \u00e9t\u00e9 confi\u00e9 \u00e0 la SPA. Sa propri\u00e9taire devra r\u00e9pondre de ses actes devant la justice pour d\u00e9lit d\u2019abandon d\u2019animal.\u00a0\u00bb<\/p>\n<p class=\" wall-content\">Et bonne nouvelle : \u00ab\u00a0la SPA nous a inform\u00e9s que Ruben a \u00e9t\u00e9 adopt\u00e9 par une famille aimante\u00a0\u00bb, relate la police, insistant sur le fait qu&rsquo;\u00a0\u00bbil ne vivra plus seul et pourra d\u00e9sormais \u00e9voluer dans un environnement adapt\u00e9 \u00e0 ses besoins.\u00a0\u00bb<\/p>\n<p class=\" wall-content\">Une intervention mettant en avant<b> l\u2019importance du signalement <\/b>face aux situations de <b>maltraitance animale.<\/b><\/p>\n<p class=\" wall-content\">Personnalisez votre actualit\u00e9 en ajoutant vos villes et m\u00e9dias en favori avec <a href=\"https:\/\/moncompte.actu.fr\" title=\"D\u00e9couvez Mon Actu\" rel=\"nofollow noopener\" data-trk=\"{&quot;cta&quot;:{&quot;action&quot;:&quot;https:\\\/\\\/moncompte.actu.fr&quot;,&quot;category&quot;:&quot;mon compte&quot;,&quot;from&quot;:&quot;article footer&quot;,&quot;name&quot;:&quot;Mon actu&quot;,&quot;type&quot;:&quot;cta&quot;}}\" target=\"_blank\">Mon Actu<\/a>.<\/p>\n","protected":false},"excerpt":{"rendered":"Par Amandine Vachez Publi\u00e9 le 3 janv. 2026 \u00e0 17h00 C\u2019est une histoire poignante qui se termine fort&hellip;\n","protected":false},"author":2,"featured_media":638722,"comment_status":"","ping_status":"","sticky":false,"template":"","format":"standard","meta":{"footnotes":""},"categories":[2815],"tags":[1111,11,1867,1777,674,1011,27,811,1307,6795,12,25,104],"class_list":{"0":"post-638721","1":"post","2":"type-post","3":"status-publish","4":"format-standard","5":"has-post-thumbnail","7":"category-lille","8":"tag-actu","9":"tag-actualites","10":"tag-animaux","11":"tag-eu","12":"tag-europe","13":"tag-fr","14":"tag-france","15":"tag-hauts-de-france","16":"tag-lille","17":"tag-maltraitance-animale","18":"tag-news","19":"tag-republique-francaise","20":"tag-societe"},"share_on_mastodon":{"url":"https:\/\/pubeurope.com\/@fr\/115832370188754001","error":""},"_links":{"self":[{"href":"https:\/\/www.europesays.com\/fr\/wp-json\/wp\/v2\/posts\/638721","targetHints":{"allow":["GET"]}}],"collection":[{"href":"https:\/\/www.europesays.com\/fr\/wp-json\/wp\/v2\/posts"}],"about":[{"href":"https:\/\/www.europesays.com\/fr\/wp-json\/wp\/v2\/types\/post"}],"author":[{"embeddable":true,"href":"https:\/\/www.europesays.com\/fr\/wp-json\/wp\/v2\/users\/2"}],"replies":[{"embeddable":true,"href":"https:\/\/www.europesays.com\/fr\/wp-json\/wp\/v2\/comments?post=638721"}],"version-history":[{"count":0,"href":"https:\/\/www.europesays.com\/fr\/wp-json\/wp\/v2\/posts\/638721\/revisions"}],"wp:featuredmedia":[{"embeddable":true,"href":"https:\/\/www.europesays.com\/fr\/wp-json\/wp\/v2\/media\/638722"}],"wp:attachment":[{"href":"https:\/\/www.europesays.com\/fr\/wp-json\/wp\/v2\/media?parent=638721"}],"wp:term":[{"taxonomy":"category","embeddable":true,"href":"https:\/\/www.europesays.com\/fr\/wp-json\/wp\/v2\/categories?post=638721"},{"taxonomy":"post_tag","embeddable":true,"href":"https:\/\/www.europesays.com\/fr\/wp-json\/wp\/v2\/tags?post=638721"}],"curies":[{"name":"wp","href":"https:\/\/api.w.org\/{rel}","templated":true}]}}