{"id":638723,"date":"2026-01-03T17:34:13","date_gmt":"2026-01-03T17:34:13","guid":{"rendered":"https:\/\/www.europesays.com\/fr\/638723\/"},"modified":"2026-01-03T17:34:13","modified_gmt":"2026-01-03T17:34:13","slug":"un-homme-de-85-ans-a-ete-heliporte-au-chu-de-lille-apres-un-incendie-dans-sa-maison","status":"publish","type":"post","link":"https:\/\/www.europesays.com\/fr\/638723\/","title":{"rendered":"Un homme de 85 ans a \u00e9t\u00e9 h\u00e9liport\u00e9 au CHU de Lille apr\u00e8s un incendie dans sa maison"},"content":{"rendered":"<p>Un homme de 85 ans a \u00e9t\u00e9 h\u00e9liport\u00e9 au CHU de Lille dans un \u00e9tat grave apr\u00e8s avoir inhal\u00e9 de la fum\u00e9e, ce samedi. Un incendie s&rsquo;est d\u00e9clar\u00e9 dans sa maison \u00e0 Solesmes \u00e0 cause d&rsquo;une friteuse. <\/p>\n<p><strong>Un homme de 85 ans a \u00e9t\u00e9 h\u00e9liport\u00e9 en urgence au CHU de Lille<\/strong>, ce samedi apr\u00e8s-midi. Plus t\u00f4t dans la journ\u00e9e, <strong>un incendie s&rsquo;est d\u00e9clench\u00e9 dans sa cuisine \u00e0 cause d&rsquo;une friteuse<\/strong>. La maison, situ\u00e9e \u00e0 Solesmes dans le Cambr\u00e9sis, a commenc\u00e9 \u00e0 prendre feu. Une douzaine de personnes \u00e9taient pr\u00e9sentes \u00e0 l&rsquo;int\u00e9rieur pour une r\u00e9union de famille, uniquement des adultes, selon le maire Paul Sagniez. Tous ont \u00e9t\u00e9 \u00e9vacu\u00e9s apr\u00e8s avoir inhal\u00e9 des <strong>fum\u00e9es toxiques<\/strong>.\u00a0Dans un \u00e9tat grave, l&rsquo;homme a \u00e9t\u00e9 h\u00e9liport\u00e9 au CHU de Lille.<\/p>\n<p>Les pompiers ont circonscrit le feu. Le reste de la famille est rest\u00e9 sur place.<\/p>\n","protected":false},"excerpt":{"rendered":"Un homme de 85 ans a \u00e9t\u00e9 h\u00e9liport\u00e9 au CHU de Lille dans un \u00e9tat grave apr\u00e8s avoir&hellip;\n","protected":false},"author":2,"featured_media":638724,"comment_status":"","ping_status":"","sticky":false,"template":"","format":"standard","meta":{"footnotes":""},"categories":[2815],"tags":[1111,11,1777,674,1011,27,811,1307,12,25],"class_list":{"0":"post-638723","1":"post","2":"type-post","3":"status-publish","4":"format-standard","5":"has-post-thumbnail","7":"category-lille","8":"tag-actu","9":"tag-actualites","10":"tag-eu","11":"tag-europe","12":"tag-fr","13":"tag-france","14":"tag-hauts-de-france","15":"tag-lille","16":"tag-news","17":"tag-republique-francaise"},"share_on_mastodon":{"url":"https:\/\/pubeurope.com\/@fr\/115832374094588661","error":""},"_links":{"self":[{"href":"https:\/\/www.europesays.com\/fr\/wp-json\/wp\/v2\/posts\/638723","targetHints":{"allow":["GET"]}}],"collection":[{"href":"https:\/\/www.europesays.com\/fr\/wp-json\/wp\/v2\/posts"}],"about":[{"href":"https:\/\/www.europesays.com\/fr\/wp-json\/wp\/v2\/types\/post"}],"author":[{"embeddable":true,"href":"https:\/\/www.europesays.com\/fr\/wp-json\/wp\/v2\/users\/2"}],"replies":[{"embeddable":true,"href":"https:\/\/www.europesays.com\/fr\/wp-json\/wp\/v2\/comments?post=638723"}],"version-history":[{"count":0,"href":"https:\/\/www.europesays.com\/fr\/wp-json\/wp\/v2\/posts\/638723\/revisions"}],"wp:featuredmedia":[{"embeddable":true,"href":"https:\/\/www.europesays.com\/fr\/wp-json\/wp\/v2\/media\/638724"}],"wp:attachment":[{"href":"https:\/\/www.europesays.com\/fr\/wp-json\/wp\/v2\/media?parent=638723"}],"wp:term":[{"taxonomy":"category","embeddable":true,"href":"https:\/\/www.europesays.com\/fr\/wp-json\/wp\/v2\/categories?post=638723"},{"taxonomy":"post_tag","embeddable":true,"href":"https:\/\/www.europesays.com\/fr\/wp-json\/wp\/v2\/tags?post=638723"}],"curies":[{"name":"wp","href":"https:\/\/api.w.org\/{rel}","templated":true}]}}