{"id":638729,"date":"2026-01-03T17:37:12","date_gmt":"2026-01-03T17:37:12","guid":{"rendered":"https:\/\/www.europesays.com\/fr\/638729\/"},"modified":"2026-01-03T17:37:12","modified_gmt":"2026-01-03T17:37:12","slug":"le-comedien-lais-mayyas-se-revele-devant-les-cameras","status":"publish","type":"post","link":"https:\/\/www.europesays.com\/fr\/638729\/","title":{"rendered":"le com\u00e9dien La\u00efs Mayyas se r\u00e9v\u00e8le devant les cam\u00e9ras"},"content":{"rendered":"<p>\u00ab\u00a0C\u2019est un film singulier. Un thriller, avec un aspect western dans la construction, un genre dont le r\u00e9alisateur Julien Hosmalin est fan.\u00a0\u00bb \u00c0 20 ans, le Lyonnais La\u00efs Mayyas interpr\u00e8te, dans la partie de Sans Piti\u00e9 consacr\u00e9e \u00e0 leur jeunesse, Ryan, l\u2019un des deux fr\u00e8res au c\u0153ur de l\u2019intrigue.<\/p>\n<p>\u00ab\u00a0C\u2019est un ado de 16 ans, qui a grandi avec sa m\u00e8re et son petit fr\u00e8re dans le milieu des forains. Ils vivent dans une caravane, et il n\u2019a pas une adolescence facile car il porte beaucoup de choses sur ses \u00e9paules\u00a0\u00bb, explique le com\u00e9dien, dont le film sera \u00e0 l\u2019affiche le 14\u00a0janvier, avant de revenir sur le casting et d\u2019expliquer comment le r\u00e9alisateur l\u2019a choisi\u00a0: \u00ab\u00a0Julien avait vu beaucoup de postulants pour le r\u00f4le. Il m\u2019avait aper\u00e7u dans un clip musical. On a fait&#8230;<\/p>\n","protected":false},"excerpt":{"rendered":"\u00ab\u00a0C\u2019est un film singulier. Un thriller, avec un aspect western dans la construction, un genre dont le r\u00e9alisateur&hellip;\n","protected":false},"author":2,"featured_media":638730,"comment_status":"","ping_status":"","sticky":false,"template":"","format":"standard","meta":{"footnotes":""},"categories":[1889],"tags":[1111,11,2430,650,1687,2757,1777,674,107,1011,27,2428,2756,12,25,2429,4604,3151,3140],"class_list":{"0":"post-638729","1":"post","2":"type-post","3":"status-publish","4":"format-standard","5":"has-post-thumbnail","7":"category-lyon","8":"tag-actu","9":"tag-actualites","10":"tag-auvergne-rhone-alpes","11":"tag-cinema","12":"tag-culture-loisirs","13":"tag-edition-lyon-villeurbanne","14":"tag-eu","15":"tag-europe","16":"tag-fil-info","17":"tag-fr","18":"tag-france","19":"tag-lyon","20":"tag-lyon-bassin","21":"tag-news","22":"tag-republique-francaise","23":"tag-rhone","24":"tag-selection-abonne","25":"tag-selection-de-la-redaction-69","26":"tag-spectacle"},"share_on_mastodon":{"url":"https:\/\/pubeurope.com\/@fr\/115832386030801415","error":""},"_links":{"self":[{"href":"https:\/\/www.europesays.com\/fr\/wp-json\/wp\/v2\/posts\/638729","targetHints":{"allow":["GET"]}}],"collection":[{"href":"https:\/\/www.europesays.com\/fr\/wp-json\/wp\/v2\/posts"}],"about":[{"href":"https:\/\/www.europesays.com\/fr\/wp-json\/wp\/v2\/types\/post"}],"author":[{"embeddable":true,"href":"https:\/\/www.europesays.com\/fr\/wp-json\/wp\/v2\/users\/2"}],"replies":[{"embeddable":true,"href":"https:\/\/www.europesays.com\/fr\/wp-json\/wp\/v2\/comments?post=638729"}],"version-history":[{"count":0,"href":"https:\/\/www.europesays.com\/fr\/wp-json\/wp\/v2\/posts\/638729\/revisions"}],"wp:featuredmedia":[{"embeddable":true,"href":"https:\/\/www.europesays.com\/fr\/wp-json\/wp\/v2\/media\/638730"}],"wp:attachment":[{"href":"https:\/\/www.europesays.com\/fr\/wp-json\/wp\/v2\/media?parent=638729"}],"wp:term":[{"taxonomy":"category","embeddable":true,"href":"https:\/\/www.europesays.com\/fr\/wp-json\/wp\/v2\/categories?post=638729"},{"taxonomy":"post_tag","embeddable":true,"href":"https:\/\/www.europesays.com\/fr\/wp-json\/wp\/v2\/tags?post=638729"}],"curies":[{"name":"wp","href":"https:\/\/api.w.org\/{rel}","templated":true}]}}