{"id":638739,"date":"2026-01-03T17:43:10","date_gmt":"2026-01-03T17:43:10","guid":{"rendered":"https:\/\/www.europesays.com\/fr\/638739\/"},"modified":"2026-01-03T17:43:10","modified_gmt":"2026-01-03T17:43:10","slug":"de-tour-infernale-a-monument-historique-la-saga-de-la-tour-dubuffet-contee-au-musee-dissy","status":"publish","type":"post","link":"https:\/\/www.europesays.com\/fr\/638739\/","title":{"rendered":"De tour infernale \u00e0 monument historique\u00a0: la saga de la tour Dubuffet cont\u00e9e au mus\u00e9e d\u2019Issy"},"content":{"rendered":"<p class=\"paragraph text_align_left lp-f-body-02\">Elle se dresse tel un curieux totem aux trac\u00e9s noirs et color\u00e9s sur une butte de la bucolique \u00eele Saint-Germain, \u00e0 <a href=\"https:\/\/www.leparisien.fr\/hauts-de-seine-92\/issy-les-moulineaux-92130\/1\/\" target=\"_blank\" rel=\"noreferrer noopener\">Issy-les-Moulineaux<\/a> (<a href=\"https:\/\/www.leparisien.fr\/hauts-de-seine-92\/\" target=\"_blank\" rel=\"noreferrer noopener\">Hauts-de-Seine<\/a>). L\u2019\u0153uvre XXL de Jean Dubuffet, \u00e9rig\u00e9e de 1986 \u00e0 1988, est au c\u0153ur de l\u2019exposition \u00ab la Tour aux figures, une aventure monumentale \u00bb pr\u00e9sent\u00e9e au <a href=\"https:\/\/www.museecarteajouer.com\/jean-dubuffet-et-la-tour-aux-figures-une-aventure-monumentale\/\" target=\"_blank\" rel=\"noreferrer noopener\">Mus\u00e9e fran\u00e7ais de la carte \u00e0 jouer<\/a>, en partenariat avec la fondation <a href=\"https:\/\/www.leparisien.fr\/culture-loisirs\/sortir-region-parisienne\/patrimoine-dans-le-val-de-marne-la-fondation-hors-norme-de-jean-dubuffet-30-11-2018-7957962.php\" target=\"_self\" rel=\"noopener\">Jean Dubuffet<\/a>, jusqu\u2019au 28 juin prochain. La derni\u00e8re exposition au sein de l\u2019\u00e9tablissement culturel avant sa fermeture pour r\u00e9novation \u00e0 partir du 1er septembre, et jusqu\u2019au d\u00e9but de l\u2019ann\u00e9e 2028.<\/p>\n<p class=\"\">Cet \u00e9v\u00e9nement qui marque le 40e anniversaire de cette commande publique majeure de l\u2019\u00c9tat, inaugur\u00e9e par Fran\u00e7ois Mitterrand et Jacques Lang le 24 octobre 1988, retrace l\u2019histoire mouvement\u00e9e de l\u2019une des \u0153uvres les plus embl\u00e9matiques de Jean Dubuffet. De sa conception \u00e0 son installation au milieu de la Seine, il s\u2019est pass\u00e9 pas moins de vingt ans.<\/p>\n","protected":false},"excerpt":{"rendered":"Elle se dresse tel un curieux totem aux trac\u00e9s noirs et color\u00e9s sur une butte de la bucolique&hellip;\n","protected":false},"author":2,"featured_media":638740,"comment_status":"","ping_status":"","sticky":false,"template":"","format":"standard","meta":{"footnotes":""},"categories":[1888],"tags":[11,872,1777,674,1011,27,3314,1944,12,626,25],"class_list":{"0":"post-638739","1":"post","2":"type-post","3":"status-publish","4":"format-standard","5":"has-post-thumbnail","7":"category-paris","8":"tag-actualites","9":"tag-culture-et-loisirs","10":"tag-eu","11":"tag-europe","12":"tag-fr","13":"tag-france","14":"tag-hauts-de-seine","15":"tag-ma-ville","16":"tag-news","17":"tag-paris","18":"tag-republique-francaise"},"share_on_mastodon":{"url":"https:\/\/pubeurope.com\/@fr\/115832410014717229","error":""},"_links":{"self":[{"href":"https:\/\/www.europesays.com\/fr\/wp-json\/wp\/v2\/posts\/638739","targetHints":{"allow":["GET"]}}],"collection":[{"href":"https:\/\/www.europesays.com\/fr\/wp-json\/wp\/v2\/posts"}],"about":[{"href":"https:\/\/www.europesays.com\/fr\/wp-json\/wp\/v2\/types\/post"}],"author":[{"embeddable":true,"href":"https:\/\/www.europesays.com\/fr\/wp-json\/wp\/v2\/users\/2"}],"replies":[{"embeddable":true,"href":"https:\/\/www.europesays.com\/fr\/wp-json\/wp\/v2\/comments?post=638739"}],"version-history":[{"count":0,"href":"https:\/\/www.europesays.com\/fr\/wp-json\/wp\/v2\/posts\/638739\/revisions"}],"wp:featuredmedia":[{"embeddable":true,"href":"https:\/\/www.europesays.com\/fr\/wp-json\/wp\/v2\/media\/638740"}],"wp:attachment":[{"href":"https:\/\/www.europesays.com\/fr\/wp-json\/wp\/v2\/media?parent=638739"}],"wp:term":[{"taxonomy":"category","embeddable":true,"href":"https:\/\/www.europesays.com\/fr\/wp-json\/wp\/v2\/categories?post=638739"},{"taxonomy":"post_tag","embeddable":true,"href":"https:\/\/www.europesays.com\/fr\/wp-json\/wp\/v2\/tags?post=638739"}],"curies":[{"name":"wp","href":"https:\/\/api.w.org\/{rel}","templated":true}]}}