{"id":638745,"date":"2026-01-03T17:46:12","date_gmt":"2026-01-03T17:46:12","guid":{"rendered":"https:\/\/www.europesays.com\/fr\/638745\/"},"modified":"2026-01-03T17:46:12","modified_gmt":"2026-01-03T17:46:12","slug":"a-kiev-lukraine-et-ses-allies-europeens-sentendent-sur-la-poursuite-des-pourparlers-de-paix-actualites","status":"publish","type":"post","link":"https:\/\/www.europesays.com\/fr\/638745\/","title":{"rendered":"A Kiev, l&rsquo;Ukraine et ses alli\u00e9s europ\u00e9ens s&rsquo;entendent sur la poursuite des pourparlers de paix : Actualit\u00e9s"},"content":{"rendered":"<p class=\"lead \">Les alli\u00e9s europ\u00e9ens de l&rsquo;Ukraine se sont rencontr\u00e9s samedi \u00e0 Kiev pour examiner les d\u00e9tails de la derni\u00e8re mouture du plan de sortie du conflit avec la Russie, en amont d&rsquo;un sommet la semaine prochaine en France des pays de la \u00ab\u00a0coalition des volontaires\u00a0\u00bb soutenant l&rsquo;Ukraine.<\/p>\n<p class=\"lead \">Des conseillers \u00e0 la s\u00e9curit\u00e9 de quinze pays, dont la France, l&rsquo;Allemagne et le Canada, ainsi que des repr\u00e9sentants de l&rsquo;UE et de l&rsquo;Otan, se sont r\u00e9unis dans la capitale ukrainienne pour cette premi\u00e8re rencontre de l&rsquo;ann\u00e9e.<\/p>\n<p class=\"lead \">L&rsquo;envoy\u00e9 sp\u00e9cial de Donald Trump, Steve Witkoff, a particip\u00e9 \u00e0 distance, a confirm\u00e9 un responsable ukrainien \u00e0 l&rsquo;AFP. Cette journ\u00e9e de diplomatie est tomb\u00e9e dans l&rsquo;ombre de l&rsquo;intervention militaire surprise des Etats-Unis au Venezuela.<\/p>\n<p class=\"lead \">\u00ab\u00a0La premi\u00e8re partie de la r\u00e9union a port\u00e9 sur les documents-cadres, notamment les garanties de s\u00e9curit\u00e9 et les approches relatives au plan de paix, ainsi que sur la s\u00e9quence des prochaines \u00e9tapes conjointes\u00a0\u00bb, a d\u00e9clar\u00e9 samedi sur Telegram le n\u00e9gociateur en chef de l\u2019Ukraine, Roustem Oumerov, \u00e0 l&rsquo;issue de la premi\u00e8re session.<\/p>\n<p class=\"lead \">Les efforts diplomatiques se sont intensifi\u00e9s depuis novembre pour mettre fin au conflit le plus meurtrier en Europe depuis la Seconde guerre mondiale, sous l&rsquo;impulsion du pr\u00e9sident am\u00e9ricain Donald Trump dont l&rsquo;administration a n\u00e9goci\u00e9 s\u00e9par\u00e9ment avec la Russie et l&rsquo;Ukraine.<\/p>\n<p class=\"lead \">Dans ses voeux pour 2026, le pr\u00e9sident ukrainien Volodymyr Zelensky a affirm\u00e9 qu&rsquo;un accord \u00e9tait \u00ab\u00a0pr\u00eat \u00e0 90%\u00a0\u00bb, tout en avertissant que les 10% restants allaient d\u00e9terminer le \u00ab\u00a0destin de la paix\u00a0\u00bb, l&rsquo;avenir des territoires occup\u00e9s par la Russie demeurant l&rsquo;un des points cl\u00e9s.<\/p>\n<p class=\"lead \">\u00ab\u00a0Ce sont les Russes qui insistent\u00a0\u00bb sur des \u00ab\u00a0ultimatums inacceptables\u00a0\u00bb, a d\u00e9clar\u00e9 samedi le vice-ministre ukrainien des Affaires \u00e9trang\u00e8res Sergui\u00ef Kyslytsia lors d&rsquo;une conf\u00e9rence de presse \u00e0 laquelle participait l&rsquo;AFP, \u00e0 l&rsquo;issue de la premi\u00e8re session de la journ\u00e9e.<\/p>\n<p class=\"lead \">La Russie a de son c\u00f4t\u00e9 annonc\u00e9 fin d\u00e9cembre son intention de \u00ab\u00a0durcir sa position\u00a0\u00bb apr\u00e8s avoir accus\u00e9 Kiev, qui d\u00e9ment, d&rsquo;un raid de drones contre une r\u00e9sidence du pr\u00e9sident Vladimir Poutine.<\/p>\n<p class=\"lead \">Les troupes russes occupent environ 19,4% de la superficie de l&rsquo;Ukraine, dont 0,94% ont \u00e9t\u00e9 conquis au cours de l&rsquo;ann\u00e9e 2025, selon les donn\u00e9es de l&rsquo;Institut pour l&rsquo;\u00e9tude de la guerre (ISW), qui travaille avec le Critical Threats Project (CTP), deux centres de r\u00e9flexion am\u00e9ricains sp\u00e9cialis\u00e9s dans l&rsquo;\u00e9tude des conflits.<\/p>\n<p class=\"lead \">&#8211; Frappes meurtri\u00e8res &#8211;<\/p>\n<p class=\"lead \">Les premiers jours de 2026 ont \u00e9t\u00e9 marqu\u00e9s par des bombardements ukrainiens et russes meurtriers.<\/p>\n<p class=\"lead \">La Russie a accus\u00e9 Kiev d&rsquo;une attaque ayant tu\u00e9 selon elle 28 civils, la nuit du Nouvel An, dans la partie de la r\u00e9gion ukrainienne de Kherson contr\u00f4l\u00e9e par l&rsquo;arm\u00e9e russe.<\/p>\n<p class=\"lead \">Vendredi, un enfant de trois ans et une jeune femme sont morts dans une frappe russe sur le centre-ville de Kharkiv, deuxi\u00e8me ville du pays, selon les autorit\u00e9s locales qui ont indiqu\u00e9 que plusieurs personnes pourraient encore se trouver sous les d\u00e9combres.<\/p>\n<p class=\"lead \">Les autorit\u00e9s ukrainiennes ont ordonn\u00e9 le m\u00eame jour l&rsquo;\u00e9vacuation de plus de 3.000 enfants avec leurs parents d&rsquo;une quarantaine de localit\u00e9s dans les r\u00e9gions de Zaporijjia (sud) et Dnipropetrovsk (centre-est), signe de la progression des troupes russes dans ces r\u00e9gions.<\/p>\n<p class=\"lead \">Deux personnes sont \u00e9galement d\u00e9c\u00e9d\u00e9es dans des frappes russes dans la ville de Kherson, toujours sous contr\u00f4le de Kiev, a indiqu\u00e9 le gouverneur r\u00e9gional ukrainien Oleksandr Prokoudine.<\/p>\n<p class=\"lead \">Vladimir Poutine a r\u00e9p\u00e9t\u00e9 ces derni\u00e8res semaines que la Russie atteindra ses objectifs en Ukraine \u00ab\u00a0par la voie militaire\u00a0\u00bb si les n\u00e9gociations \u00e9chouaient et salu\u00e9 les r\u00e9cents gains de son arm\u00e9e sur le front.<\/p>\n<p class=\"lead \">Son homologue ukrainien a, lui, entam\u00e9 un vaste remaniement de ses \u00e9quipes, annon\u00e7ant vendredi la nomination d&rsquo;un nouveau chef de cabinet et d&rsquo;un nouveau ministre de la D\u00e9fense, puis samedi celle d&rsquo;un nouveau ministre de l&rsquo;Energie ainsi qu&rsquo;un vaste remaniement des autorit\u00e9s r\u00e9gionales.<\/p>\n<p class=\"small font-weight-bold text-gray3 \"> publi\u00e9 le 3 janvier \u00e0 17h21, AFP<\/p>\n<p>                             Partager<\/p>\n","protected":false},"excerpt":{"rendered":"Les alli\u00e9s europ\u00e9ens de l&rsquo;Ukraine se sont rencontr\u00e9s samedi \u00e0 Kiev pour examiner les d\u00e9tails de la derni\u00e8re&hellip;\n","protected":false},"author":2,"featured_media":638746,"comment_status":"","ping_status":"","sticky":false,"template":"","format":"standard","meta":{"footnotes":""},"categories":[1590],"tags":[11,2120,1777,674,12,132,220,308],"class_list":{"0":"post-638745","1":"post","2":"type-post","3":"status-publish","4":"format-standard","5":"has-post-thumbnail","7":"category-ukraine","8":"tag-actualites","9":"tag-conflit","10":"tag-eu","11":"tag-europe","12":"tag-news","13":"tag-russie","14":"tag-ukraine","15":"tag-usa"},"share_on_mastodon":{"url":"https:\/\/pubeurope.com\/@fr\/115832421303710721","error":""},"_links":{"self":[{"href":"https:\/\/www.europesays.com\/fr\/wp-json\/wp\/v2\/posts\/638745","targetHints":{"allow":["GET"]}}],"collection":[{"href":"https:\/\/www.europesays.com\/fr\/wp-json\/wp\/v2\/posts"}],"about":[{"href":"https:\/\/www.europesays.com\/fr\/wp-json\/wp\/v2\/types\/post"}],"author":[{"embeddable":true,"href":"https:\/\/www.europesays.com\/fr\/wp-json\/wp\/v2\/users\/2"}],"replies":[{"embeddable":true,"href":"https:\/\/www.europesays.com\/fr\/wp-json\/wp\/v2\/comments?post=638745"}],"version-history":[{"count":0,"href":"https:\/\/www.europesays.com\/fr\/wp-json\/wp\/v2\/posts\/638745\/revisions"}],"wp:featuredmedia":[{"embeddable":true,"href":"https:\/\/www.europesays.com\/fr\/wp-json\/wp\/v2\/media\/638746"}],"wp:attachment":[{"href":"https:\/\/www.europesays.com\/fr\/wp-json\/wp\/v2\/media?parent=638745"}],"wp:term":[{"taxonomy":"category","embeddable":true,"href":"https:\/\/www.europesays.com\/fr\/wp-json\/wp\/v2\/categories?post=638745"},{"taxonomy":"post_tag","embeddable":true,"href":"https:\/\/www.europesays.com\/fr\/wp-json\/wp\/v2\/tags?post=638745"}],"curies":[{"name":"wp","href":"https:\/\/api.w.org\/{rel}","templated":true}]}}