{"id":638747,"date":"2026-01-03T17:47:19","date_gmt":"2026-01-03T17:47:19","guid":{"rendered":"https:\/\/www.europesays.com\/fr\/638747\/"},"modified":"2026-01-03T17:47:19","modified_gmt":"2026-01-03T17:47:19","slug":"trump-affirme-que-les-etats-unis-dirigeront-le-venezuela-en-attendant-une-transition-sure","status":"publish","type":"post","link":"https:\/\/www.europesays.com\/fr\/638747\/","title":{"rendered":"Trump affirme que les Etats-Unis \u00ab\u00a0dirigeront\u00a0\u00bb le Venezuela en attendant une transition \u00ab\u00a0s\u00fbre\u00a0\u00bb"},"content":{"rendered":"<p>\u00ab\u00a0Aucune nation dans le monde n\u2019aurait pu faire ce que les \u00c9tats-Unis ont fait\u00a0\u00bb, a d\u00e9clar\u00e9 Donald Trump, affirmant que Nicol\u00e1s Maduro se trouve actuellement sur un navire am\u00e9ricain entre Miami et New York. Une op\u00e9ration que Donald Trump justifie en qualifiant\u00a0N<a href=\"https:\/\/www.challenges.fr\/monde\/maduro-la-fin-dun-regne-conteste-au-venezuela_635462\" target=\"_blank\" rel=\"noopener\">icol\u00e1s Maduro de \u00ab\u00a0dictateur ill\u00e9gitime<\/a>, chef d\u2019un vaste r\u00e9seau criminel responsable du trafic de quantit\u00e9s colossales de drogues mortelles et illicites vers les \u00c9tats-Unis\u00a0\u00bb,\u00ab Il supervisait personnellement\u00a0[un]\u00a0redoutable cartel\u00a0(\u2026), qui a inond\u00e9 notre pays de poison mortel\u00a0\u00bb, et qui est\u00a0\u00ab\u00a0responsable de la mort d\u2019innombrables Am\u00e9ricains\u00a0\u00bb.<\/p>\n<p>Trump a expliqu\u00e9 que Caracas, la capitale du Venezuela, a \u00e9t\u00e9 plong\u00e9 dans l\u2019obscurit\u00e9 afin de permettre l\u2019op\u00e9ration des forces am\u00e9ricaines contre le pr\u00e9sident Maduro. \u00ab\u00a0Les lumi\u00e8res de Caracas ont \u00e9t\u00e9 largement \u00e9teintes gr\u00e2ce \u00e0 une certaine expertise que nous poss\u00e9dons\u00a0\u00bb, a-t-il r\u00e9v\u00e9l\u00e9. Selon le pr\u00e9sident am\u00e9ricain, toutes les capacit\u00e9s militaires du Venezuela ont \u00e9t\u00e9 neutralis\u00e9es en tr\u00e8s peu de temps.<\/p>\n<p>\u00ab\u00a0Les hommes et les femmes de nos forces arm\u00e9es, en collaboration avec les forces de l\u2019ordre am\u00e9ricaines, ont r\u00e9ussi \u00e0 capturer Maduro en pleine nuit dans sa forteresse\u00a0\u00bb, a-t-il pr\u00e9cis\u00e9, ajoutant que le pr\u00e9sident v\u00e9n\u00e9zu\u00e9lien et son \u00e9pouse seront d\u00e9sormais traduits devant la justice am\u00e9ricaine.<\/p>\n<p>Trump a \u00e9galement assur\u00e9 qu\u2019aucun membre des forces am\u00e9ricaines n\u2019a \u00e9t\u00e9 tu\u00e9 et que tout le mat\u00e9riel a \u00e9t\u00e9 r\u00e9cup\u00e9r\u00e9\u00a0: \u00ab\u00a0Toutes les personnes sont saines et sauves\u00a0\u00bb.<\/p>\n<p>\u00ab\u00a0Nous allons diriger le pays jusqu\u2019\u00e0 ce que nous puissions assurer une transition s\u00fbre, appropri\u00e9e et judicieuse\u00a0\u00bb, a d\u00e9clar\u00e9 Donald Trump, \u00e9voquant la p\u00e9riode \u00e0 venir au Venezuela. Le pr\u00e9sident am\u00e9ricain a enfin pr\u00e9cis\u00e9 que les \u00c9tats-Unis sont pr\u00eats \u00e0 lancer une deuxi\u00e8me attaque, plus importante si besoin. Le pr\u00e9sident a d\u00e9clar\u00e9 qu\u2019il\u00a0autoriserait les compagnies p\u00e9troli\u00e8res am\u00e9ricaines \u00e0 se rendre au Venezuela pour exploiter les r\u00e9serves massives de brut du pays. \u00ab\u00a0Nos tr\u00e8s grandes compagnies p\u00e9troli\u00e8res am\u00e9ricaines, les plus importantes au monde, vont se rendre sur place, d\u00e9penser des milliards de dollars, r\u00e9parer les infrastructures gravement endommag\u00e9es, les infrastructures p\u00e9troli\u00e8res, et commencer \u00e0 g\u00e9n\u00e9rer des revenus pour le pays\u00a0\u00bb.<\/p>\n","protected":false},"excerpt":{"rendered":"\u00ab\u00a0Aucune nation dans le monde n\u2019aurait pu faire ce que les \u00c9tats-Unis ont fait\u00a0\u00bb, a d\u00e9clar\u00e9 Donald Trump,&hellip;\n","protected":false},"author":2,"featured_media":638748,"comment_status":"","ping_status":"","sticky":false,"template":"","format":"standard","meta":{"footnotes":""},"categories":[1589],"tags":[11,75,73,1866,12,338,1864,1865,1863,308,337],"class_list":{"0":"post-638747","1":"post","2":"type-post","3":"status-publish","4":"format-standard","5":"has-post-thumbnail","7":"category-etats-unis","8":"tag-actualites","9":"tag-donald-trump","10":"tag-etats-unis","11":"tag-etats-unis-damerique","12":"tag-news","13":"tag-nicolas-maduro","14":"tag-united-states","15":"tag-united-states-of-america","16":"tag-us","17":"tag-usa","18":"tag-venezuela"},"share_on_mastodon":{"url":"https:\/\/pubeurope.com\/@fr\/115832425335118360","error":""},"_links":{"self":[{"href":"https:\/\/www.europesays.com\/fr\/wp-json\/wp\/v2\/posts\/638747","targetHints":{"allow":["GET"]}}],"collection":[{"href":"https:\/\/www.europesays.com\/fr\/wp-json\/wp\/v2\/posts"}],"about":[{"href":"https:\/\/www.europesays.com\/fr\/wp-json\/wp\/v2\/types\/post"}],"author":[{"embeddable":true,"href":"https:\/\/www.europesays.com\/fr\/wp-json\/wp\/v2\/users\/2"}],"replies":[{"embeddable":true,"href":"https:\/\/www.europesays.com\/fr\/wp-json\/wp\/v2\/comments?post=638747"}],"version-history":[{"count":0,"href":"https:\/\/www.europesays.com\/fr\/wp-json\/wp\/v2\/posts\/638747\/revisions"}],"wp:featuredmedia":[{"embeddable":true,"href":"https:\/\/www.europesays.com\/fr\/wp-json\/wp\/v2\/media\/638748"}],"wp:attachment":[{"href":"https:\/\/www.europesays.com\/fr\/wp-json\/wp\/v2\/media?parent=638747"}],"wp:term":[{"taxonomy":"category","embeddable":true,"href":"https:\/\/www.europesays.com\/fr\/wp-json\/wp\/v2\/categories?post=638747"},{"taxonomy":"post_tag","embeddable":true,"href":"https:\/\/www.europesays.com\/fr\/wp-json\/wp\/v2\/tags?post=638747"}],"curies":[{"name":"wp","href":"https:\/\/api.w.org\/{rel}","templated":true}]}}