{"id":638749,"date":"2026-01-03T17:48:10","date_gmt":"2026-01-03T17:48:10","guid":{"rendered":"https:\/\/www.europesays.com\/fr\/638749\/"},"modified":"2026-01-03T17:48:10","modified_gmt":"2026-01-03T17:48:10","slug":"la-laine-made-in-britain-file-un-bon-coton-le-look-britannique-est-a-la-mode","status":"publish","type":"post","link":"https:\/\/www.europesays.com\/fr\/638749\/","title":{"rendered":"La laine \u201cmade in Britain\u201d file un bon coton, \u201cle look britannique est \u00e0 la mode\u201d"},"content":{"rendered":"\n<p>La ville industrielle de Bradford, dans le nord de l\u2019Angleterre, est revenue \u00e0 ses moutons au d\u00e9but du mois de d\u00e9cembre. Dans ce berceau de l\u2019industrie textile britannique, le prix de la laine a tutoy\u00e9 des sommets in\u00e9dits depuis pr\u00e8s d\u2019une d\u00e9cennie, lors des ench\u00e8res bimensuelles supervis\u00e9es par British Wool, l\u2019organisation repr\u00e9sentative du secteur.<\/p>\n<p>Le montant du kilogramme s\u2019est ainsi \u00e9tabli \u00e0 1,83\u00a0livre sterling (2,10\u00a0euros), soit une hausse de 26\u00a0% compar\u00e9e au mois de septembre.<\/p>\n<p>Certes, les 17,5\u00a0livres sterling du kilo pratiqu\u00e9s au lendemain de la Seconde Guerre mondiale paraissent bien loin. Mais ce sursaut, bienvenu pour des \u00e9leveurs contraints au fil des ann\u00e9es de r\u00e9duire la taille de leur cheptel, illustre un regain d\u2019int\u00e9r\u00eat pour le savoir-faire britannique, veut croire la presse londonienne. \u201cIl n\u2019y a pas si longtemps, l\u2019avenir apparaissait bien sombre pour la laine britannique, destin\u00e9e \u00e0 \u00eatre transform\u00e9e en isolant ou m\u00eame br\u00fbl\u00e9e\u201d faute de d\u00e9bouch\u00e9s, <a class=\"ithalc\" data-ithal=\"lien_externe\" data-ithalc=\"[nav_article]\" target=\"_blank\" href=\"https:\/\/www.thetimes.com\/uk\/environment\/article\/wool-netflix-the-crown-vs3g0pvfr\" rel=\"noopener\">soupire <strong>The Sunday Times<\/strong><\/a><strong>.<\/strong><\/p>\n<p> <strong>Tapis et si\u00e8ges de trains<\/strong> <\/p>\n<p>Colonne vert\u00e9brale historique de l\u2019\u00e9conomie anglaise, la laine \u201cconstituait pendant l\u2019\u00e8re m\u00e9di\u00e9vale presque l\u2019int\u00e9gralit\u00e9 des exportations, dont les fruits ont aliment\u00e9 les villes et permis de construire des cath\u00e9drales\u201d, retrace le journal conservateur. \u00c0 l\u2019\u00e9poque, \u201cle<\/p>\n","protected":false},"excerpt":{"rendered":"La ville industrielle de Bradford, dans le nord de l\u2019Angleterre, est revenue \u00e0 ses moutons au d\u00e9but du&hellip;\n","protected":false},"author":2,"featured_media":638750,"comment_status":"","ping_status":"","sticky":false,"template":"","format":"standard","meta":{"footnotes":""},"categories":[1588],"tags":[11,327,1777,674,985,12,473,1853,1857,1851,1850,1852],"class_list":{"0":"post-638749","1":"post","2":"type-post","3":"status-publish","4":"format-standard","5":"has-post-thumbnail","7":"category-royaume-uni","8":"tag-actualites","9":"tag-agriculture","10":"tag-eu","11":"tag-europe","12":"tag-mode","13":"tag-news","14":"tag-royaume-uni","15":"tag-royaume-uni-de-grande-bretagne-et-dirlande-du-nord","16":"tag-sociu00e9tu00e9","17":"tag-uk","18":"tag-united-kingdom","19":"tag-united-kingdom-of-great-britain-and-northern-ireland"},"share_on_mastodon":{"url":"https:\/\/pubeurope.com\/@fr\/115832429206940560","error":""},"_links":{"self":[{"href":"https:\/\/www.europesays.com\/fr\/wp-json\/wp\/v2\/posts\/638749","targetHints":{"allow":["GET"]}}],"collection":[{"href":"https:\/\/www.europesays.com\/fr\/wp-json\/wp\/v2\/posts"}],"about":[{"href":"https:\/\/www.europesays.com\/fr\/wp-json\/wp\/v2\/types\/post"}],"author":[{"embeddable":true,"href":"https:\/\/www.europesays.com\/fr\/wp-json\/wp\/v2\/users\/2"}],"replies":[{"embeddable":true,"href":"https:\/\/www.europesays.com\/fr\/wp-json\/wp\/v2\/comments?post=638749"}],"version-history":[{"count":0,"href":"https:\/\/www.europesays.com\/fr\/wp-json\/wp\/v2\/posts\/638749\/revisions"}],"wp:featuredmedia":[{"embeddable":true,"href":"https:\/\/www.europesays.com\/fr\/wp-json\/wp\/v2\/media\/638750"}],"wp:attachment":[{"href":"https:\/\/www.europesays.com\/fr\/wp-json\/wp\/v2\/media?parent=638749"}],"wp:term":[{"taxonomy":"category","embeddable":true,"href":"https:\/\/www.europesays.com\/fr\/wp-json\/wp\/v2\/categories?post=638749"},{"taxonomy":"post_tag","embeddable":true,"href":"https:\/\/www.europesays.com\/fr\/wp-json\/wp\/v2\/tags?post=638749"}],"curies":[{"name":"wp","href":"https:\/\/api.w.org\/{rel}","templated":true}]}}