{"id":638759,"date":"2026-01-03T17:54:09","date_gmt":"2026-01-03T17:54:09","guid":{"rendered":"https:\/\/www.europesays.com\/fr\/638759\/"},"modified":"2026-01-03T17:54:09","modified_gmt":"2026-01-03T17:54:09","slug":"voici-les-departements-ou-lepidemie-sevit-le-plus","status":"publish","type":"post","link":"https:\/\/www.europesays.com\/fr\/638759\/","title":{"rendered":"voici les d\u00e9partements o\u00f9 l&rsquo;\u00e9pid\u00e9mie s\u00e9vit le plus"},"content":{"rendered":"<p>                    Par<br \/>\n        <strong><br \/>\n            <a href=\"https:\/\/actu.fr\/auteur\/timotheelangevin\" title=\"Consulter tous les articles de Timoth\u00e9e L&#039;Angevin\" target=\"_blank\" rel=\"noopener\">Timoth\u00e9e L&rsquo;Angevin<\/a><br \/>\n                    <\/strong><\/p>\n<p>        Publi\u00e9 le<\/p>\n<p>            3 janv. 2026 \u00e0 17h18        <\/p>\n<p><strong>L\u2019\u00e9pid\u00e9mie de grippe<\/strong> poursuit sa progression en France, touchant tous les \u00e2ges, avec un <strong>niveau d\u2019intensit\u00e9 qui augmente \u00e0 l\u2019h\u00f4pital,<\/strong> alors qu\u2019il demeure \u00ab\u00a0mod\u00e9r\u00e9\u00a0\u00bb en ville, a annonc\u00e9 Sant\u00e9 publique France, le 31 janvier 2025.<\/p>\n<p>Pr\u00e8s de 20 000 passages aux urgences<\/p>\n<p class=\" wall-content\">Lors de la semaine achev\u00e9e le 28 d\u00e9cembre 2025, la grippe a progress\u00e9 \u00ab\u00a0dans l\u2019ensemble des r\u00e9gions, toutes en \u00e9pid\u00e9mie\u00a0\u00bb, sauf La R\u00e9union, a pr\u00e9cis\u00e9 l\u2019agence sanitaire dans son point hebdomadaire.<\/p>\n<p class=\" wall-content\">Cette aggravation de l\u2019\u00e9pid\u00e9mie a entra\u00een\u00e9 une activit\u00e9 \u00ab\u00a0d\u2019intensit\u00e9 \u00e9lev\u00e9e\u00a0\u00bb \u00e0 l\u2019h\u00f4pital avec 18 552 passages aux urgences (soit 5,2% du total, contre 4% la semaine d\u2019avant), notamment pour prendre en charge des enfants de moins de 15 ans et des personnes de plus de 65 ans. La grippe a \u00e9t\u00e9 \u00e0 l\u2019origine de 3 606 hospitalisations (soit 4,8% de l\u2019ensemble, contre 3,4% la semaine pr\u00e9c\u00e9dente).<\/p>\n<p class=\" wall-content\">Visualisez dans notre carte ci-dessous l\u2019activit\u00e9 hospitali\u00e8re li\u00e9e \u00e0 la grippe :\u00a0<\/p>\n<p class=\" wall-content\">\n<p>Hausse des d\u00e9c\u00e8s<\/p>\n<p class=\" wall-content\">En ville, l\u2019\u00e9pid\u00e9mie grippale est en revanche globalement \u00ab\u00a0mod\u00e9r\u00e9e\u00a0\u00bb, avec des \u00e9volutions divergentes selon l\u2019\u00e2ge. Elle reflue chez les moins de 15 ans, \u00ab\u00a0probablement en lien avec la p\u00e9riode de cong\u00e9s scolaires\u00a0\u00bb, qui r\u00e9duit les brassages, mais reste \u00e0 un niveau d&rsquo;\u00a0\u00bbintensit\u00e9 \u00e9lev\u00e9e\u00a0\u00bb chez les 65 ans et plus, selon SpF.<\/p>\n<p class=\" wall-content\">Apr\u00e8s une saison 2024-2025 s\u00e9v\u00e8re en mati\u00e8re de mortalit\u00e9 \u2013 plus de 17 000 d\u00e9c\u00e8s -, l\u2019agence sanitaire note une petite hausse du nombre de d\u00e9c\u00e8s d\u00e9clar\u00e9s par certificat \u00e9lectronique faisant mention de la grippe : 4,1% (contre 2,7% la semaine pr\u00e9c\u00e9dente), proche du niveau des m\u00eames jours l\u2019an dernier (3,9%).<\/p>\n<p class=\" wall-content\">Ces d\u00e9c\u00e8s, dans neuf cas sur dix, concernent des personnes \u00e2g\u00e9es de 65 ans et plus, dont la couverture vaccinale \u00e9tait de 44,2% au 30 novembre contre 40,5% \u00e0 la m\u00eame p\u00e9riode l\u2019an dernier.<\/p>\n<p>Votre r\u00e9gion, votre actu !<\/p>\n<p>Recevez chaque jour les infos qui comptent pour vous.<\/p>\n<p>\t<a href=\"https:\/\/actu.fr\/newsletter\" class=\"ac-btn ac-btn--corner ac-btn--medium ac-btn--blue800\" target=\"_blank\" rel=\"noopener\">S&rsquo;incrire<\/a><\/p>\n<blockquote class=\"ac-article-quote wall-content\">\n<p>Il est probable que le recours aux soins pour grippe commence \u00e0 diminuer dans les prochaines semaines dans la plupart des r\u00e9gions hexagonales, tout en restant \u00e0 un niveau \u00e9lev\u00e9.<\/p>\n<p>    <strong>Institut Pasteur<\/strong>\n            <\/p><\/blockquote>\n<p>Une reprise apr\u00e8s les vacances ?\u00a0<\/p>\n<p class=\" wall-content\">L\u2019Institut estime ainsi que l\u2019\u00e9pid\u00e9mie pourrait avoir atteint son pic au cours de la derni\u00e8re semaine de 2025 \u2013 le recul n\u2019est pas suffisant pour le dire \u00e0 ce stade -, \u00ab\u00a0avec une probabilit\u00e9 sup\u00e9rieure ou \u00e9gale \u00e0 50%\u00a0\u00bb.<\/p>\n<p class=\" wall-content\">Mais \u00ab\u00a0la possibilit\u00e9 d\u2019une reprise de l\u2019\u00e9pid\u00e9mie apr\u00e8s les vacances de No\u00ebl, ou plus tard dans la saison hivernale, ne peut \u00eatre exclue \u00e0 ce stade\u00a0\u00bb, pr\u00e9vient l\u2019Institut Pasteur.<\/p>\n<p class=\" wall-content\">De son c\u00f4t\u00e9, l\u2019\u00e9pid\u00e9mie de bronchiolite se poursuit dans l\u2019Hexagone et a atteint la Corse. Mais le nombre de passages aux urgences a diminu\u00e9 et celui des hospitalisations est stable, par rapport \u00e0 la semaine pr\u00e9c\u00e9dente.<\/p>\n<p class=\" wall-content\">Personnalisez votre actualit\u00e9 en ajoutant vos villes et m\u00e9dias en favori avec <a href=\"https:\/\/moncompte.actu.fr\" title=\"D\u00e9couvez Mon Actu\" rel=\"nofollow noopener\" data-trk=\"{&quot;cta&quot;:{&quot;action&quot;:&quot;https:\\\/\\\/moncompte.actu.fr&quot;,&quot;category&quot;:&quot;mon compte&quot;,&quot;from&quot;:&quot;article footer&quot;,&quot;name&quot;:&quot;Mon actu&quot;,&quot;type&quot;:&quot;cta&quot;}}\" target=\"_blank\">Mon Actu<\/a>.<\/p>\n","protected":false},"excerpt":{"rendered":"Par Timoth\u00e9e L&rsquo;Angevin Publi\u00e9 le 3 janv. 2026 \u00e0 17h18 L\u2019\u00e9pid\u00e9mie de grippe poursuit sa progression en France,&hellip;\n","protected":false},"author":2,"featured_media":638760,"comment_status":"","ping_status":"","sticky":false,"template":"","format":"standard","meta":{"footnotes":""},"categories":[4],"tags":[11,1011,27,29786,12,25,71,104],"class_list":{"0":"post-638759","1":"post","2":"type-post","3":"status-publish","4":"format-standard","5":"has-post-thumbnail","7":"category-france","8":"tag-actualites","9":"tag-fr","10":"tag-france","11":"tag-grippe","12":"tag-news","13":"tag-republique-francaise","14":"tag-sante","15":"tag-societe"},"share_on_mastodon":{"url":"https:\/\/pubeurope.com\/@fr\/115832452735362356","error":""},"_links":{"self":[{"href":"https:\/\/www.europesays.com\/fr\/wp-json\/wp\/v2\/posts\/638759","targetHints":{"allow":["GET"]}}],"collection":[{"href":"https:\/\/www.europesays.com\/fr\/wp-json\/wp\/v2\/posts"}],"about":[{"href":"https:\/\/www.europesays.com\/fr\/wp-json\/wp\/v2\/types\/post"}],"author":[{"embeddable":true,"href":"https:\/\/www.europesays.com\/fr\/wp-json\/wp\/v2\/users\/2"}],"replies":[{"embeddable":true,"href":"https:\/\/www.europesays.com\/fr\/wp-json\/wp\/v2\/comments?post=638759"}],"version-history":[{"count":0,"href":"https:\/\/www.europesays.com\/fr\/wp-json\/wp\/v2\/posts\/638759\/revisions"}],"wp:featuredmedia":[{"embeddable":true,"href":"https:\/\/www.europesays.com\/fr\/wp-json\/wp\/v2\/media\/638760"}],"wp:attachment":[{"href":"https:\/\/www.europesays.com\/fr\/wp-json\/wp\/v2\/media?parent=638759"}],"wp:term":[{"taxonomy":"category","embeddable":true,"href":"https:\/\/www.europesays.com\/fr\/wp-json\/wp\/v2\/categories?post=638759"},{"taxonomy":"post_tag","embeddable":true,"href":"https:\/\/www.europesays.com\/fr\/wp-json\/wp\/v2\/tags?post=638759"}],"curies":[{"name":"wp","href":"https:\/\/api.w.org\/{rel}","templated":true}]}}