{"id":638761,"date":"2026-01-03T17:57:10","date_gmt":"2026-01-03T17:57:10","guid":{"rendered":"https:\/\/www.europesays.com\/fr\/638761\/"},"modified":"2026-01-03T17:57:10","modified_gmt":"2026-01-03T17:57:10","slug":"top-14-stade-francais-castres-revivez-la-victoire-des-parisiens-lors-de-la-14eme-journee","status":"publish","type":"post","link":"https:\/\/www.europesays.com\/fr\/638761\/","title":{"rendered":"Top 14 \u2013 Stade fran\u00e7ais \u2013 Castres\u00a0: revivez la victoire des Parisiens lors de la 14\u00e8me journ\u00e9e"},"content":{"rendered":"<p>\n                Bonjour et bienvenue sur Rugbyrama pour revivre le direct comment\u00e9 de la rencontre qui opposait le Stade fran\u00e7ais et Castres, pour le compte de la 14e journ\u00e9e de Top 14.\n            <\/p>\n<p>Avant la coupure de Challenge Cup, Le Stade fran\u00e7ais voulait assurer contre le Castres Olympique. C&rsquo;est chose faite !<\/p>\n<p>Le Castres olympique a malheureusement manqu\u00e9 de r\u00e9alisme.<\/p>\n<p>La rencontre \u00e9tait arbitr\u00e9e par M. Blasco Basque.<\/p>\n","protected":false},"excerpt":{"rendered":"Bonjour et bienvenue sur Rugbyrama pour revivre le direct comment\u00e9 de la rencontre qui opposait le Stade fran\u00e7ais&hellip;\n","protected":false},"author":2,"featured_media":638762,"comment_status":"","ping_status":"","sticky":false,"template":"","format":"standard","meta":{"footnotes":""},"categories":[1416],"tags":[1011,27,479,1468,68796,60,478],"class_list":{"0":"post-638761","1":"post","2":"type-post","3":"status-publish","4":"format-standard","5":"has-post-thumbnail","7":"category-rugby","8":"tag-fr","9":"tag-france","10":"tag-rugby","11":"tag-rugby-football","12":"tag-rugby-u00e0-xv","13":"tag-sports","14":"tag-top-14"},"share_on_mastodon":{"url":"https:\/\/pubeurope.com\/@fr\/115832464616267251","error":""},"_links":{"self":[{"href":"https:\/\/www.europesays.com\/fr\/wp-json\/wp\/v2\/posts\/638761","targetHints":{"allow":["GET"]}}],"collection":[{"href":"https:\/\/www.europesays.com\/fr\/wp-json\/wp\/v2\/posts"}],"about":[{"href":"https:\/\/www.europesays.com\/fr\/wp-json\/wp\/v2\/types\/post"}],"author":[{"embeddable":true,"href":"https:\/\/www.europesays.com\/fr\/wp-json\/wp\/v2\/users\/2"}],"replies":[{"embeddable":true,"href":"https:\/\/www.europesays.com\/fr\/wp-json\/wp\/v2\/comments?post=638761"}],"version-history":[{"count":0,"href":"https:\/\/www.europesays.com\/fr\/wp-json\/wp\/v2\/posts\/638761\/revisions"}],"wp:featuredmedia":[{"embeddable":true,"href":"https:\/\/www.europesays.com\/fr\/wp-json\/wp\/v2\/media\/638762"}],"wp:attachment":[{"href":"https:\/\/www.europesays.com\/fr\/wp-json\/wp\/v2\/media?parent=638761"}],"wp:term":[{"taxonomy":"category","embeddable":true,"href":"https:\/\/www.europesays.com\/fr\/wp-json\/wp\/v2\/categories?post=638761"},{"taxonomy":"post_tag","embeddable":true,"href":"https:\/\/www.europesays.com\/fr\/wp-json\/wp\/v2\/tags?post=638761"}],"curies":[{"name":"wp","href":"https:\/\/api.w.org\/{rel}","templated":true}]}}