{"id":638765,"date":"2026-01-03T18:02:15","date_gmt":"2026-01-03T18:02:15","guid":{"rendered":"https:\/\/www.europesays.com\/fr\/638765\/"},"modified":"2026-01-03T18:02:15","modified_gmt":"2026-01-03T18:02:15","slug":"cyclo-cross-cyclo-cross-superprestige-niels-vandeputte-vainqueur-sur-le-superprestige-de-gullegem","status":"publish","type":"post","link":"https:\/\/www.europesays.com\/fr\/638765\/","title":{"rendered":"Cyclo-cross. Cyclo-cross. Superprestige &#8211; Niels Vandeputte vainqueur sur le Superprestige de Gullegem"},"content":{"rendered":"<p><strong>Niels Vandeputte<\/strong> a remport\u00e9 le <strong><a href=\"https:\/\/www.cyclismactu.net\/..\/news-cyclo-cross-superprestige-amandine-fouquenet-s-impose-gullegem-sous-ses-nouvelles-couleurs-91442.html\" target=\"_blank\" rel=\"noopener\">Superprestige<\/a> <\/strong>de Gullegem au terme d\u2019un final haletant, prenant le dessus sur<strong> Michael Vanthourenhout<\/strong> dans le dernier tour. <strong>Joris Nieuwenhuis<\/strong> a compl\u00e9t\u00e9 le podium. En l\u2019absence des t\u00eates d\u2019affiche de la discipline, la liste des favoris \u00e9tait moins fournie et c&rsquo;est donc <strong>Vandeputte <\/strong>qui en a profiter pour s&rsquo;offrir son 3e succ\u00e8s de la saison.<\/p>\n<p>Vid\u00e9o &#8211;  Lire la suite de l&rsquo;article&#13;<\/p>\n<p>\u00a0<\/p>\n<p>&#13;<br \/>\nLe r\u00e9sum\u00e9&#13;<\/p>\n<p>D\u00e8s le d\u00e9part, <strong>Joris Nieuwenhuis<\/strong> a montr\u00e9 ses intentions en prenant la t\u00eate apr\u00e8s un excellent envol. <strong>Niels Vandeputte<\/strong>, leader du classement g\u00e9n\u00e9ral du <strong>Superprestige<\/strong>, s\u2019est rapidement port\u00e9 aux avant-postes et, sous son impulsion, un premier groupe s\u2019est d\u00e9gag\u00e9 avec <strong>Joran Wyseure<\/strong>, <strong>Michael\u00a0Vanthourenhout<\/strong>, <strong>Nieuwenhuis <\/strong>et <strong>Kevin Kuhn<\/strong>. Les \u00e9carts restant faibles, le peloton est vite revenu. La course s\u2019est ensuite d\u00e9cant\u00e9e gr\u00e2ce \u00e0 <strong>Gerben Kuypers<\/strong>, auteur d\u2019une attaque en solitaire dans le troisi\u00e8me tour. <strong>Vandeputte <\/strong>a men\u00e9 la poursuite et, \u00e0 la fin du quatri\u00e8me tour, il est revenu avec <strong>Vanthourenhout <\/strong>et <strong>Wyseure<\/strong>, bient\u00f4t rejoints par <strong>Nieuwenhuis<\/strong>. Sous la neige, quatre hommes se sont alors disput\u00e9 la victoire.<\/p>\n<p>&#13;<\/p>\n<p>Dans la seconde moiti\u00e9 de course, <strong>Vanthourenhout <\/strong>et <strong>Nieuwenhuis <\/strong>ont tour \u00e0 tour durci le rythme. \u00c0 l\u2019approche du dernier tour, les \u00e9carts restaient minimes. Finalement, <strong>Vandeputte <\/strong>a plac\u00e9 l\u2019attaque d\u00e9cisive dans les derni\u00e8res minutes pour s\u2019imposer. <strong>Vanthourenhout<\/strong>, \u00e9puis\u00e9, a conserv\u00e9 la deuxi\u00e8me place et ne conc\u00e8de qu\u2019un point au classement g\u00e9n\u00e9ral, d\u00e9sormais ramen\u00e9 \u00e0 trois points avant la derni\u00e8re manche \u00e0 Middelkerke.<\/p>\n","protected":false},"excerpt":{"rendered":"Niels Vandeputte a remport\u00e9 le Superprestige de Gullegem au terme d\u2019un final haletant, prenant le dessus sur Michael&hellip;\n","protected":false},"author":2,"featured_media":638766,"comment_status":"","ping_status":"","sticky":false,"template":"","format":"standard","meta":{"footnotes":""},"categories":[1411],"tags":[1154,207,59294,211,1011,27,60,61425,210,212,208,213],"class_list":{"0":"post-638765","1":"post","2":"type-post","3":"status-publish","4":"format-standard","5":"has-post-thumbnail","7":"category-cyclisme","8":"tag-cycling","9":"tag-cyclisme","10":"tag-cyclo-cross","11":"tag-ffc","12":"tag-fr","13":"tag-france","14":"tag-sports","15":"tag-superprestige","16":"tag-tour-de-france","17":"tag-uci","18":"tag-velo","19":"tag-world-tour"},"share_on_mastodon":{"url":"https:\/\/pubeurope.com\/@fr\/115832484523576673","error":""},"_links":{"self":[{"href":"https:\/\/www.europesays.com\/fr\/wp-json\/wp\/v2\/posts\/638765","targetHints":{"allow":["GET"]}}],"collection":[{"href":"https:\/\/www.europesays.com\/fr\/wp-json\/wp\/v2\/posts"}],"about":[{"href":"https:\/\/www.europesays.com\/fr\/wp-json\/wp\/v2\/types\/post"}],"author":[{"embeddable":true,"href":"https:\/\/www.europesays.com\/fr\/wp-json\/wp\/v2\/users\/2"}],"replies":[{"embeddable":true,"href":"https:\/\/www.europesays.com\/fr\/wp-json\/wp\/v2\/comments?post=638765"}],"version-history":[{"count":0,"href":"https:\/\/www.europesays.com\/fr\/wp-json\/wp\/v2\/posts\/638765\/revisions"}],"wp:featuredmedia":[{"embeddable":true,"href":"https:\/\/www.europesays.com\/fr\/wp-json\/wp\/v2\/media\/638766"}],"wp:attachment":[{"href":"https:\/\/www.europesays.com\/fr\/wp-json\/wp\/v2\/media?parent=638765"}],"wp:term":[{"taxonomy":"category","embeddable":true,"href":"https:\/\/www.europesays.com\/fr\/wp-json\/wp\/v2\/categories?post=638765"},{"taxonomy":"post_tag","embeddable":true,"href":"https:\/\/www.europesays.com\/fr\/wp-json\/wp\/v2\/tags?post=638765"}],"curies":[{"name":"wp","href":"https:\/\/api.w.org\/{rel}","templated":true}]}}