{"id":638767,"date":"2026-01-03T18:03:11","date_gmt":"2026-01-03T18:03:11","guid":{"rendered":"https:\/\/www.europesays.com\/fr\/638767\/"},"modified":"2026-01-03T18:03:11","modified_gmt":"2026-01-03T18:03:11","slug":"rc-strasbourg-5-entraineurs-libres-pour-remplacer-liam-rosenior","status":"publish","type":"post","link":"https:\/\/www.europesays.com\/fr\/638767\/","title":{"rendered":"RC Strasbourg. 5 entra\u00eeneurs libres pour remplacer Liam Rosenior"},"content":{"rendered":"<p><img fetchpriority=\"high\" decoding=\"async\" width=\"620\" height=\"413\" src=\"https:\/\/www.europesays.com\/fr\/wp-content\/uploads\/2026\/01\/Liam-Rosenior-620x413.jpg\" alt=\"RC Strasbourg. 5 entra\u00eeneurs libres pour remplacer Liam Rosenior\" class=\"wp-image-389961\"  \/>Liam Rosenior annonc\u00e9 sur le d\u00e9part de Strasbourg, qui pour remplacer le technicien anglais ?<\/p>\n<p>La s\u00e9paration serait in\u00e9luctable, certains m\u00e9dias l\u2019\u00e9voquent m\u00eame imminente, une fois pass\u00e9e l\u2019opposition de l\u2019<a href=\"https:\/\/sportune.20minutes.fr\/ogc-nice-ogcn\" target=\"_blank\" rel=\"noopener\">OGC Nice<\/a> et du <a href=\"https:\/\/sportune.20minutes.fr\/rc-strasbourg-rcsa\" target=\"_blank\" rel=\"noopener\">RC Strasbourg<\/a>, ce samedi en fin d\u2019apr\u00e8s-midi, dans le cadre de la 17e journ\u00e9e de <a href=\"https:\/\/sportune.20minutes.fr\/ligue-1-l1\" target=\"_blank\" rel=\"noopener\">Ligue 1<\/a>. Ce match devrait \u00eatre le dernier de Liam Rosenior sur le banc du <a href=\"https:\/\/sportune.20minutes.fr\/rc-strasbourg-rcsa\" target=\"_blank\" rel=\"noopener\">RCSA<\/a>, avant que le technicien britannique ne parte \u00e0 Londres, servir <a href=\"https:\/\/sportune.20minutes.fr\/chelsea-fc\" target=\"_blank\" rel=\"noopener\">Chelsea FC<\/a>, sans entra\u00eeneur depuis sa s\u00e9paration act\u00e9e, avec Enzo Maresca.<\/p>\n<p>Pour remplacer Rosenior plusieurs noms circulent d\u00e9j\u00e0. A Sportune, nous nous sommes int\u00e9ress\u00e9s au march\u00e9 des coachs libres, pour lesquels il n\u2019y a pas de discussions \u00e0 mener avec des clubs qui les emploieraient et r\u00e9clameraient une indemnit\u00e9 de transfert. Les cinq profils retenus ont tous en commun leur l\u00e9gitimit\u00e9 \u00e0 diriger un club \u00e0 l\u2019ambition du <a href=\"https:\/\/sportune.20minutes.fr\/rc-strasbourg-rcsa\" target=\"_blank\" rel=\"noopener\">RC Strasbourg<\/a>, l\u2019exp\u00e9rience de la <a href=\"https:\/\/sportune.20minutes.fr\/ligue-1-l1\" target=\"_blank\" rel=\"noopener\">Ligue 1<\/a>, voire pour certains de matchs europ\u00e9ens, puisque le club alsacien est doublement engag\u00e9 dans la course aux places continentales en championnat et la seconde phase de la Ligue Conf\u00e9rence qu\u2019il est certain de disputer.<\/p>\n<p>Still, une piste \u00e9voqu\u00e9e, Haise, un licenciement tr\u00e8s frais, Tudor, Blanc\u2026<\/p>\n<p>Le premier nom est justement une rumeur du moment pour le <a href=\"https:\/\/sportune.20minutes.fr\/rc-strasbourg-rcsa\" target=\"_blank\" rel=\"noopener\">RC Strasbourg<\/a> : Will Still, ancien coach du <a href=\"https:\/\/sportune.20minutes.fr\/stade-de-reims\" target=\"_blank\" rel=\"noopener\">Stade de Reims<\/a> et du <a href=\"https:\/\/sportune.20minutes.fr\/rc-lens\" target=\"_blank\" rel=\"noopener\">RC Lens<\/a> qui vient d\u2019\u00eatre r\u00e9cemment d\u00e9barqu\u00e9 par <a href=\"https:\/\/sportune.20minutes.fr\/southampton-fc\" target=\"_blank\" rel=\"noopener\">Southampton FC<\/a>. Le <a href=\"https:\/\/sportune.20minutes.fr\/fc-nantes\" target=\"_blank\" rel=\"noopener\">FC Nantes<\/a> le voulait, mais le Belge a d\u00e9clin\u00e9. Le club alsacien peut-il \u00eatre de nature \u00e0 l\u2019int\u00e9resser ?<\/p>\n<p>Outre Still, il y a Franck Haise, un autre ex du <a href=\"https:\/\/sportune.20minutes.fr\/rc-lens\" target=\"_blank\" rel=\"noopener\">RC Lens<\/a>. Il est probable que ce dernier ait encore \u00e0 dig\u00e9rer son d\u00e9part compliqu\u00e9 de l\u2019<a href=\"https:\/\/sportune.20minutes.fr\/ogc-nice-ogcn\" target=\"_blank\" rel=\"noopener\">OGC Nice<\/a>, mais sur le papier, il a beaucoup de qualit\u00e9s requises pour un club comme Strasbourg, l\u2019\u00e9chec des derniers mois \u00e0 Nice ne faisant oublier ni sa r\u00e9ussite lensoise, ni sa premi\u00e8re saison aboutie avec le <a href=\"https:\/\/sportune.20minutes.fr\/ogc-nice-ogcn\" target=\"_blank\" rel=\"noopener\">GYM<\/a>.<\/p>\n<p>Profil potentiellement plus cher, Igor Tudor a rempli la mission qui fut la sienne lorsqu\u2019il oeuvrait avec l\u2019<a href=\"https:\/\/sportune.20minutes.fr\/olympique-de-marseille-om\" target=\"_blank\" rel=\"noopener\">Olympique de Marseille<\/a>. Ce fut un peu moins vrai du c\u00f4t\u00e9 de la <a href=\"https:\/\/sportune.20minutes.fr\/juventus-fc\" target=\"_blank\" rel=\"noopener\">Juventus Turin<\/a> qui l\u2019a d\u00e9barqu\u00e9 cette saison, mais pour cadrer la jeunesse strasbourgeoise, il est peut-\u00eatre un homme idoine. Comme probablement Adi H\u00fctter sur ce point en particulier. A Monaco, pour sa derni\u00e8re exp\u00e9rience, il a permis l\u2019\u00e9closion de joueurs comme Maghnes Akliouche, devenu international fran\u00e7ais sous sa direction.<\/p>\n<p>Reste Laurent Blanc, un profil plus difficile \u00e0 cerner sur l\u2019ambition et le projet. Ses pr\u00e9tentions ou ses envies seraient-elles conciliables \u00e0 celle d\u2019un club comme Strasbourg ? Sa derni\u00e8re exp\u00e9rience saoudienne fut riche, d\u2019argent mais aussi sportivement, avec un doubl\u00e9 championnat-coupe nationale sur le banc d\u2019Al-Ittihad, jusqu\u2019\u00e0 son licenciement fin septembre. Globalement l\u2019ex-s\u00e9lectionneur de l\u2019\u00e9quipe de France a plut\u00f4t bien r\u00e9ussi partout o\u00f9 il est pass\u00e9, si ce n\u2019est \u00e0 un degr\u00e9 moindre \u00e0 l\u2019<a href=\"https:\/\/sportune.20minutes.fr\/olympique-lyonnais-ol\" target=\"_blank\" rel=\"noopener\">Olympique Lyonnais<\/a>, dans un contexte rendu tr\u00e8s incertain par le changement d\u2019actionnaire au club, quelques mois apr\u00e8s son arriv\u00e9e.<\/p>\n<p>Sinon, il y a aussi Patrick Vieira sur le march\u00e9\u2026<\/p>\n","protected":false},"excerpt":{"rendered":"Liam Rosenior annonc\u00e9 sur le d\u00e9part de Strasbourg, qui pour remplacer le technicien anglais ? La s\u00e9paration serait&hellip;\n","protected":false},"author":2,"featured_media":638768,"comment_status":"","ping_status":"","sticky":false,"template":"","format":"standard","meta":{"footnotes":""},"categories":[1410],"tags":[63,1011,27,15900,4448,60,969],"class_list":{"0":"post-638767","1":"post","2":"type-post","3":"status-publish","4":"format-standard","5":"has-post-thumbnail","7":"category-football","8":"tag-football","9":"tag-fr","10":"tag-france","11":"tag-liam-rosenior","12":"tag-rc-strasbourg","13":"tag-sports","14":"tag-transfert"},"share_on_mastodon":{"url":"https:\/\/pubeurope.com\/@fr\/115832488578588078","error":""},"_links":{"self":[{"href":"https:\/\/www.europesays.com\/fr\/wp-json\/wp\/v2\/posts\/638767","targetHints":{"allow":["GET"]}}],"collection":[{"href":"https:\/\/www.europesays.com\/fr\/wp-json\/wp\/v2\/posts"}],"about":[{"href":"https:\/\/www.europesays.com\/fr\/wp-json\/wp\/v2\/types\/post"}],"author":[{"embeddable":true,"href":"https:\/\/www.europesays.com\/fr\/wp-json\/wp\/v2\/users\/2"}],"replies":[{"embeddable":true,"href":"https:\/\/www.europesays.com\/fr\/wp-json\/wp\/v2\/comments?post=638767"}],"version-history":[{"count":0,"href":"https:\/\/www.europesays.com\/fr\/wp-json\/wp\/v2\/posts\/638767\/revisions"}],"wp:featuredmedia":[{"embeddable":true,"href":"https:\/\/www.europesays.com\/fr\/wp-json\/wp\/v2\/media\/638768"}],"wp:attachment":[{"href":"https:\/\/www.europesays.com\/fr\/wp-json\/wp\/v2\/media?parent=638767"}],"wp:term":[{"taxonomy":"category","embeddable":true,"href":"https:\/\/www.europesays.com\/fr\/wp-json\/wp\/v2\/categories?post=638767"},{"taxonomy":"post_tag","embeddable":true,"href":"https:\/\/www.europesays.com\/fr\/wp-json\/wp\/v2\/tags?post=638767"}],"curies":[{"name":"wp","href":"https:\/\/api.w.org\/{rel}","templated":true}]}}