{"id":638771,"date":"2026-01-03T18:05:11","date_gmt":"2026-01-03T18:05:11","guid":{"rendered":"https:\/\/www.europesays.com\/fr\/638771\/"},"modified":"2026-01-03T18:05:11","modified_gmt":"2026-01-03T18:05:11","slug":"cette-couleur-est-un-choix-lumineux-chaleureux-et-parfait","status":"publish","type":"post","link":"https:\/\/www.europesays.com\/fr\/638771\/","title":{"rendered":"Cette couleur est un choix lumineux, chaleureux et parfait"},"content":{"rendered":"<p class=\"p1\">Chaque ann\u00e9e, de <a href=\"https:\/\/www.lejournaldelamaison.fr\/diaporama-accueil\/pinterest-predicts-nouvelles-tendances-insolites-2023-430370.html\" target=\"_blank\" rel=\"noopener\">nouvelles tendances<\/a> \u00e9mergent<br \/>\ndans le secteur de la d\u00e9coration int\u00e9rieure. Parmi ces derni\u00e8res,<br \/>\nune part importante est attribu\u00e9e aux couleurs. Car oui, celles-ci<br \/>\nont une signification bien particuli\u00e8re. Et en fonction du choix<br \/>\nfait au sein de votre habitation, la nuance ne racontera pas la<br \/>\nm\u00eame histoire. Les coloris neutres font g\u00e9n\u00e9ralement partie des<br \/>\n<strong>teintes favorites<\/strong> de bon nombre d\u2019experts. En<br \/>\neffet, que vous choisissiez du gris ou du blanc, celles-ci se<br \/>\ncombinent toujours parfaitement aux meubles ou aux objets de<br \/>\nd\u00e9coration qui ornent votre int\u00e9rieur.<\/p>\n<p>Cette couleur lumineuse et chaleureuse sera la plus<br \/>\npris\u00e9e dans nos int\u00e9rieurs en 2026<\/p>\n<p class=\"p1\">Mais aujourd\u2019hui, pour lui apporter une touche encore<br \/>\nplus <strong>intemporelle et luxueuse<\/strong>, les sp\u00e9cialistes<br \/>\nsont unanimes. Il faut que vous fassiez entrer <strong>des \u00e9l\u00e9ments<br \/>\nbeiges<\/strong> chez vous. L\u2019architecte d\u00a0\u00bbint\u00e9rieur Isabel L\u00f3pez<br \/>\nVilalta a partag\u00e9 son avis sur le sujet dans les colonnes<br \/>\nd\u2019Arquitectura y Diseno.<\/p>\n<p class=\"p1\">\u00ab\u00a0<a href=\"https:\/\/www.lejournaldelamaison.fr\/le-journal-de-la-maison\/reportages-maisons\/maisons-campagne\/axelle-red-decouvrez-maison-familiale-atypique-jai-vaches-potager-mais-aussi-studio-pour-travailler-domicile-20-minutes-bruxelles-491445.html\" target=\"_blank\" rel=\"noopener\">Dans notre studio<\/a>, nous ne<br \/>\nconcevons pas le beige comme une simple tendance \u00e9ph\u00e9m\u00e8re, mais<br \/>\ncomme <strong>une constante qui transcende les modes<\/strong>.<br \/>\nCette teinte est une pi\u00e8ce cl\u00e9 dans nos projets, car elle incarne<br \/>\nl&rsquo;intemporalit\u00e9 et l&rsquo;\u00e9l\u00e9gance que nous cherchons \u00e0 transmettre dans<br \/>\nchaque design.\u00a0\u00bb, explique la professionnelle.<\/p>\n<p>Quels sont les avantages de cette couleur en<br \/>\nd\u00e9coration ?<\/p>\n<p class=\"p1\">Le premier avantage du beige est qu\u2019il ajoute une<br \/>\npointe d\u2019originalit\u00e9 \u00e0 n\u2019importe quelle pi\u00e8ce de votre habitation.<br \/>\nCe coloris, sur les murs par exemple, est bien <strong>plus<br \/>\naccueillant que du blanc<\/strong> mais reste tout de m\u00eame sobre.<br \/>\nQue ce soit dans un salon ou dans une chambre, il est tout \u00e0 fait<br \/>\npossible d\u2019appliquer une peinture dans cette nuance.<\/p>\n<p class=\"p1\">Le beige apaise et n\u2019agresse pas l\u2019\u0153il. Il donne<br \/>\n\u00e9galement de la l\u00e9g\u00e8ret\u00e9 \u00e0 <strong>des meubles trop<br \/>\nvolumineux<\/strong>. Cette couleur permet de r\u00e9\u00e9quilibrer les<br \/>\nvolumes en \u00e0 peine quelques secondes. Vous pouvez m\u00eame directement<br \/>\nchoisir des bois clairs ou alors les tissus de votre lit ou de<br \/>\n<a href=\"https:\/\/www.lejournaldelamaison.fr\/le-journal-de-la-maison\/piece-par-piece\/salon\/canape-gris-adieu-par-quoi-le-remplacer-475108.html\" target=\"_blank\" rel=\"noopener\">canap\u00e9 en beige<\/a>.<\/p>\n<blockquote class=\"tiktok-embed\" cite=\"https:\/\/www.tiktok.com\/@aylin_fatih\/video\/7405527850377415969#038;t=1732890147053\" data-video-id=\"7405527850377415969\" style=\"max-width: 605px;min-width: 325px;\"><p>\n<a target=\"_blank\" href=\"https:\/\/www.tiktok.com\/@aylin_fatih\/video\/7405527850377415969#038;t=1732890147053\" rel=\"noopener\"><br \/>\n<img decoding=\"async\" src=\"https:\/\/www.tiktok.com\/img\/logo.png\" alt=\"TikTok Logo\"\/><\/a>\n<\/p><\/blockquote>\n<p>Les diff\u00e9rentes associations \u00e0<br \/>\nr\u00e9aliser avec cette fameuse couleur<\/p>\n<p class=\"p1\">Le beige se marie \u00e0 merveille avec une <strong>large<br \/>\ngamme de teintes douces ou plus audacieuses<\/strong>. Par exemple,<br \/>\ndes couleurs comme le bleu pastel, <a href=\"https:\/\/www.lejournaldelamaison.fr\/le-journal-de-la-maison\/piece-par-piece\/cuisine-salle-a-manger-le-journal-de-la-maison\/cuisine\/oubliez-cuisines-vert-sauge-voici-le-nouveau-vert-a-adopter-498929.html\" target=\"_blank\" rel=\"noopener\">le vert sauge<\/a> ou le rose poudr\u00e9<br \/>\ncr\u00e9ent une ambiance apaisante tout en ajoutant une touche<br \/>\nd&rsquo;originalit\u00e9. Pour une atmosph\u00e8re plus \u00e9l\u00e9gante et sophistiqu\u00e9e,<br \/>\nl\u2019association du beige avec des teintes plus sombres comme le bleu<br \/>\nmarine ou le bordeaux est parfaite.<\/p>\n<p class=\"p1\">Avec le beige, vous pouvez craquer pour<br \/>\n<strong>n\u2019importe quel style de d\u00e9coration int\u00e9rieure<\/strong>.<br \/>\nQu&rsquo;il s&rsquo;agisse d&rsquo;un int\u00e9rieur moderne, scandinave, boho ou<br \/>\nclassique\u2026 Tout est possible. N&rsquo;h\u00e9sitez pas non plus \u00e0 jouer avec<br \/>\nles textures et les mat\u00e9riaux. Un mur beige associ\u00e9 \u00e0 <strong>des<br \/>\ncoussins en velours<\/strong>, des rideaux en lin ou un tapis en<br \/>\njute peut transformer l&rsquo;ambiance de votre pi\u00e8ce. Le beige peut<br \/>\n\u00e9galement servir de toile de fond id\u00e9ale pour mettre en valeur des<br \/>\n\u0153uvres d&rsquo;art ou des objets d\u00e9coratifs aux couleurs vives.<\/p>\n<p><script async src=\"\/\/www.tiktok.com\/embed.js\"><\/script><\/p>\n","protected":false},"excerpt":{"rendered":"Chaque ann\u00e9e, de nouvelles tendances \u00e9mergent dans le secteur de la d\u00e9coration int\u00e9rieure. Parmi ces derni\u00e8res, une part&hellip;\n","protected":false},"author":2,"featured_media":638772,"comment_status":"","ping_status":"","sticky":false,"template":"","format":"standard","meta":{"footnotes":""},"categories":[1358],"tags":[5734,1348,1384,1385,3477,61125,68249,1993,27576,8117,1386,69399,58,3029,59,12219,1011,27,4743,22502,2043,40996,29263,8551],"class_list":{"0":"post-638771","1":"post","2":"type-post","3":"status-publish","4":"format-standard","5":"has-post-thumbnail","7":"category-arts-et-design","8":"tag-5734","9":"tag-arts","10":"tag-arts-and-design","11":"tag-arts-et-design","12":"tag-cette","13":"tag-chaleureuse","14":"tag-chic","15":"tag-comme","16":"tag-couleur","17":"tag-deco","18":"tag-design","19":"tag-discret","20":"tag-divertissement","21":"tag-du","22":"tag-entertainment","23":"tag-et","24":"tag-fr","25":"tag-france","26":"tag-la","27":"tag-lumineuse","28":"tag-nouvelle","29":"tag-reference","30":"tag-simpose","31":"tag-tendance"},"share_on_mastodon":{"url":"https:\/\/pubeurope.com\/@fr\/115832496003610324","error":""},"_links":{"self":[{"href":"https:\/\/www.europesays.com\/fr\/wp-json\/wp\/v2\/posts\/638771","targetHints":{"allow":["GET"]}}],"collection":[{"href":"https:\/\/www.europesays.com\/fr\/wp-json\/wp\/v2\/posts"}],"about":[{"href":"https:\/\/www.europesays.com\/fr\/wp-json\/wp\/v2\/types\/post"}],"author":[{"embeddable":true,"href":"https:\/\/www.europesays.com\/fr\/wp-json\/wp\/v2\/users\/2"}],"replies":[{"embeddable":true,"href":"https:\/\/www.europesays.com\/fr\/wp-json\/wp\/v2\/comments?post=638771"}],"version-history":[{"count":0,"href":"https:\/\/www.europesays.com\/fr\/wp-json\/wp\/v2\/posts\/638771\/revisions"}],"wp:featuredmedia":[{"embeddable":true,"href":"https:\/\/www.europesays.com\/fr\/wp-json\/wp\/v2\/media\/638772"}],"wp:attachment":[{"href":"https:\/\/www.europesays.com\/fr\/wp-json\/wp\/v2\/media?parent=638771"}],"wp:term":[{"taxonomy":"category","embeddable":true,"href":"https:\/\/www.europesays.com\/fr\/wp-json\/wp\/v2\/categories?post=638771"},{"taxonomy":"post_tag","embeddable":true,"href":"https:\/\/www.europesays.com\/fr\/wp-json\/wp\/v2\/tags?post=638771"}],"curies":[{"name":"wp","href":"https:\/\/api.w.org\/{rel}","templated":true}]}}