{"id":638773,"date":"2026-01-03T18:07:10","date_gmt":"2026-01-03T18:07:10","guid":{"rendered":"https:\/\/www.europesays.com\/fr\/638773\/"},"modified":"2026-01-03T18:07:10","modified_gmt":"2026-01-03T18:07:10","slug":"nikos-aliagas-ses-sacrifices-pour-tenir-son-rythme-effrene-jai-arrete-des","status":"publish","type":"post","link":"https:\/\/www.europesays.com\/fr\/638773\/","title":{"rendered":"Nikos Aliagas : ses sacrifices pour tenir son rythme effr\u00e9n\u00e9, \u00ab\u00a0j\u2019ai arr\u00eat\u00e9 des\u2026\u00a0\u00bb"},"content":{"rendered":"<p><strong>Figure embl\u00e9matique de TF1 depuis d\u00e9j\u00e0 plusieurs<br \/>\nd\u00e9cennies<\/strong>. Nikos Aliagas a pr\u00e9sent\u00e9 de nombreuses<br \/>\n\u00e9missions cultes sur la premi\u00e8re cha\u00eene. <a href=\"https:\/\/www.telestar.fr\/tele_realite\/star-academy-lea-remise-en-place-son-comportement-face-a-nikos-epingle-1749849\" target=\"_blank\" rel=\"noopener\"><br \/>\nActuellement \u00e0 la t\u00eate de la Star Academy<\/a>. Il sera aussi de<br \/>\nretour aux commandes d&rsquo;une nouvelle saison de The Voice en 2026.<br \/>\nComme chaque ann\u00e9e, son emploi du temps s&rsquo;annonce extr\u00eamement<br \/>\ncharg\u00e9. L&rsquo;animateur s&rsquo;est d&rsquo;ailleurs confi\u00e9e sur l&rsquo;encha\u00eenement des<br \/>\ntournages aupr\u00e8s du <a href=\"https:\/\/www.leparisien.fr\/culture-loisirs\/tv\/mon-peche-mignon-un-soin-du-visage-une-fois-par-semaine-pourquoi-nikos-aliagas-ne-sarrete-jamais-03-01-2026-3JZVHREQRFAK5DVRPOGQNV745I.php\" target=\"_blank\" rel=\"noopener\"><br \/>\nParisien<\/a>\u00a0le samedi 3 janvier 2025.<\/p>\n<p>\u00ab\u00a0Mon travail est assez concentr\u00e9 en fin d\u2019ann\u00e9e car<br \/>\n<strong>c\u2019est la r\u00e9alit\u00e9 de la t\u00e9l\u00e9.<\/strong> Je suis \u00e0 la fois<br \/>\n<a href=\"https:\/\/www.closermag.fr\/tv_tele_realite\/il-ny-a-rien-qui-va-marine-star-academy-completement-deroutee-en-pleine-emission-bravo-nikos-3609126\" target=\"_blank\" rel=\"noopener\"><br \/>\nen direct avec la Star Ac<\/a> et, en m\u00eame temps, j\u2019enregistre<br \/>\nd\u2019autres \u00e9missions pour le d\u00e9but de l\u2019ann\u00e9e. Cela reste le m\u00eame<br \/>\nunivers que je connais bien apr\u00e8s un quart de si\u00e8cle de travail,<br \/>\nm\u00eame si ce n\u2019est jamais acquis\u00a0\u00bb, a premi\u00e8rement indiqu\u00e9 Nikos<br \/>\nAliagas.<\/p>\n<p>L&rsquo;animateur de TF1 a connu \u00ab\u00a0des moments compliqu\u00e9s\u00a0\u00bb au cours de<br \/>\nsa carri\u00e8re<\/p>\n<p>\u00ab\u00a0Je m\u2019\u00e9clate. <strong>Si tu es juste l\u00e0 pour pousser des<br \/>\nboutons, cela se voit \u00e0 l\u2019antenne<\/strong>. Et puis la &lsquo;Star Ac&rsquo;<br \/>\nnous porte. Pour l\u2019instant, les gens nous font confiance, donc on<br \/>\nle vit \u00e0 fond. Ma pr\u00e9occupation avec le temps, c\u2019est d\u2019\u00eatre juste<br \/>\ndans le ton. Dans ma carri\u00e8re, j\u2019ai connu des envol\u00e9es et aussi des<br \/>\nmoments plus compliqu\u00e9s\u00a0\u00bb, a ensuite ajout\u00e9 celui qui pr\u00e9sente<br \/>\naussi chaque ann\u00e9e la c\u00e9r\u00e9monie des NRJ Music Awards.<\/p>\n<p>\u00ab\u00a0En d\u00e9but de parcours, <strong>je ne connaissais pas trop ce<br \/>\nm\u00e9tier.<\/strong> Tu veux montrer que tu sais faire. Mais avec le<br \/>\ntemps, tu comprends que les gens se fichent de tes vell\u00e9it\u00e9s<br \/>\npersonnelles. Ce qu\u2019ils veulent, c\u2019est que tu sois l\u00e0 et que tu<br \/>\ntiennes ta promesse : &lsquo;Bonsoir Madame, bonsoir Messieurs, je suis<br \/>\nl\u00e0 pour vous accompagner le temps d\u2019une soir\u00e9e'\u00a0\u00bb, a aussi<br \/>\nsoulign\u00e9 l&rsquo;animateur.<\/p>\n<p>Nikos Aliagas : \u00ab\u00a0Je suis oblig\u00e9 de dire<br \/>\nnon \u00e0 60 ou 70 % des choses\u00a0\u00bb<\/p>\n<p>\u00ab\u00a0Je ne peux pas les compter, mais parfois je fais la semaine<br \/>\nde 35 heures en 48 heures. Il y a des p\u00e9riodes avec des<br \/>\nsollicitations permanentes. Je suis oblig\u00e9 de dire non \u00e0 60 ou 70 %<br \/>\ndes choses. Tu rends service. Un copain lance une marque, tu<br \/>\nessaies d\u2019aider. <strong>Et tu greffes aussi le go\u00fbter de fin<br \/>\nd\u2019ann\u00e9e de l\u2019\u00e9cole.<\/strong> Il ne faut pas perdre l\u2019enthousiasme.<br \/>\nIl y a des moments o\u00f9 tout va tr\u00e8s vite. Trouver la justesse, c\u2019est<br \/>\naussi ne pas \u00eatre comme un Pac-Man \u00e0 vouloir tout faire. Ce n\u2019est<br \/>\npas mon style\u00a0\u00bb, a par ailleurs pr\u00e9cis\u00e9 Nikos Aliagas.<\/p>\n<p>\u00ab\u00a0Je nage tous les matins 20 ou 30 minutes apr\u00e8s avoir<br \/>\n<a href=\"https:\/\/www.closermag.fr\/people\/un-boulot-prenant-mais-nikos-aliagas-sexprime-sur-sa-femme-tina-grigoriou-et-leurs-enfants-et-cest-assez-rare-3498762\" target=\"_blank\" rel=\"noopener\"><br \/>\nd\u00e9pos\u00e9 les gamins \u00e0 l\u2019\u00e9cole<\/a>. M\u00eame si je finis \u00e0 deux heures du<br \/>\nmatin. Je ne mange pas n\u2019importe quoi, je ne picole pas. Tu as une<br \/>\nvie un peu asc\u00e9tique. Je dis souvent que je suis un moine-soldat.<br \/>\nMais il faut aussi prendre du temps. Dans les embouteillages, je<br \/>\nm\u2019arr\u00eate si je vois un caf\u00e9. Je m\u2019assois quarante-cinq minutes pour<br \/>\nobserver ce qui se passe autour. <strong>Je ne veux pas \u00eatre<br \/>\nenferm\u00e9 dans la lumi\u00e8re<\/strong>. J\u2019essaie d\u2019\u00e9couter les gens, de<br \/>\nleur parler, m\u00eame le public des \u00e9missions. Je descends toujours les<br \/>\nvoir\u00a0\u00bb, a finalement conclu le pr\u00e9sentateur.<\/p>\n","protected":false},"excerpt":{"rendered":"Figure embl\u00e9matique de TF1 depuis d\u00e9j\u00e0 plusieurs d\u00e9cennies. Nikos Aliagas a pr\u00e9sent\u00e9 de nombreuses \u00e9missions cultes sur la&hellip;\n","protected":false},"author":2,"featured_media":638774,"comment_status":"","ping_status":"","sticky":false,"template":"","format":"standard","meta":{"footnotes":""},"categories":[1356],"tags":[21303,58,59,1011,27,70202,252,1364],"class_list":{"0":"post-638773","1":"post","2":"type-post","3":"status-publish","4":"format-standard","5":"has-post-thumbnail","7":"category-television","8":"tag-buzz_nonli","9":"tag-divertissement","10":"tag-entertainment","11":"tag-fr","12":"tag-france","13":"tag-marfeel_connexes","14":"tag-television","15":"tag-tv"},"share_on_mastodon":{"url":"https:\/\/pubeurope.com\/@fr\/115832503893292630","error":""},"_links":{"self":[{"href":"https:\/\/www.europesays.com\/fr\/wp-json\/wp\/v2\/posts\/638773","targetHints":{"allow":["GET"]}}],"collection":[{"href":"https:\/\/www.europesays.com\/fr\/wp-json\/wp\/v2\/posts"}],"about":[{"href":"https:\/\/www.europesays.com\/fr\/wp-json\/wp\/v2\/types\/post"}],"author":[{"embeddable":true,"href":"https:\/\/www.europesays.com\/fr\/wp-json\/wp\/v2\/users\/2"}],"replies":[{"embeddable":true,"href":"https:\/\/www.europesays.com\/fr\/wp-json\/wp\/v2\/comments?post=638773"}],"version-history":[{"count":0,"href":"https:\/\/www.europesays.com\/fr\/wp-json\/wp\/v2\/posts\/638773\/revisions"}],"wp:featuredmedia":[{"embeddable":true,"href":"https:\/\/www.europesays.com\/fr\/wp-json\/wp\/v2\/media\/638774"}],"wp:attachment":[{"href":"https:\/\/www.europesays.com\/fr\/wp-json\/wp\/v2\/media?parent=638773"}],"wp:term":[{"taxonomy":"category","embeddable":true,"href":"https:\/\/www.europesays.com\/fr\/wp-json\/wp\/v2\/categories?post=638773"},{"taxonomy":"post_tag","embeddable":true,"href":"https:\/\/www.europesays.com\/fr\/wp-json\/wp\/v2\/tags?post=638773"}],"curies":[{"name":"wp","href":"https:\/\/api.w.org\/{rel}","templated":true}]}}