{"id":638775,"date":"2026-01-03T18:08:14","date_gmt":"2026-01-03T18:08:14","guid":{"rendered":"https:\/\/www.europesays.com\/fr\/638775\/"},"modified":"2026-01-03T18:08:14","modified_gmt":"2026-01-03T18:08:14","slug":"cette-annee-a-ete-eprouvante-pour-nous-tous-la-chanteuse-pnk-a-commence-2026-a-lhopital-en-marge-dune-lourde-operation-photo","status":"publish","type":"post","link":"https:\/\/www.europesays.com\/fr\/638775\/","title":{"rendered":"\u00ab\u00a0Cette ann\u00e9e a \u00e9t\u00e9 \u00e9prouvante pour nous tous\u00a0\u00bb\u00a0: la chanteuse P!nk a commenc\u00e9 2026 \u00e0 l&rsquo;h\u00f4pital, en marge d&rsquo;une lourde op\u00e9ration (photo)"},"content":{"rendered":"<p class=\"ap-StoryElement ap-StoryElement--mb ap-StoryText\">L&rsquo;ann\u00e9e 2026 n&rsquo;a pas d\u00e9marr\u00e9 sous les lumi\u00e8res et les cotillons pour tout le monde, pas m\u00eame les c\u00e9l\u00e9brit\u00e9s. En t\u00e9moigne la publication partag\u00e9e par la chanteuse P!nk le 1er janvier dernier. La chanteuse am\u00e9ricaine s&rsquo;est en effet d\u00e9voil\u00e9e en blouse d&rsquo;h\u00f4pital un large bandage entourant son cou, un sourire tout de m\u00eame accroch\u00e9 \u00e0 son visage.<\/p>\n<p class=\"ap-StoryElement ap-StoryElement--mb ap-StoryText\">\u00ab\u00a0Je suis si heureuse de dire adieu \u00e0 l&rsquo;ann\u00e9e du Serpent et d&rsquo;accueillir celle du Cheval. Je laisse derri\u00e8re moi toutes mes peines en 2025. Cette ann\u00e9e a \u00e9t\u00e9 \u00e9prouvante pour nous tous, avec des hauts et des bas allant du d\u00e9sastreux au l\u00e9g\u00e8rement aga\u00e7ant. Mais au milieu de tout cela, il y a eu tant de beaut\u00e9. Et j&rsquo;ai eu la chance de me r\u00e9veiller chaque matin, de me lever et de vaquer \u00e0 mes occupations. Celles d&rsquo;aimer mes enfants et de les aider \u00e0 r\u00e9aliser leurs r\u00eaves. De leur montrer que la vie est une aventure, ou rien du tout. Aimer et rire, cuisiner et danser, pleurer et crier, pardonner et s&rsquo;excuser, et tout le reste de notre magnifique d\u00e9sordre. Tant de beaut\u00e9 au milieu de tout \u00e7a. Il y a tellement plus de bonnes personnes que de mauvaises dans le monde\u00a0\u00bb, a-t-elle \u00e9crit en l\u00e9gende.<\/p>\n","protected":false},"excerpt":{"rendered":"L&rsquo;ann\u00e9e 2026 n&rsquo;a pas d\u00e9marr\u00e9 sous les lumi\u00e8res et les cotillons pour tout le monde, pas m\u00eame les&hellip;\n","protected":false},"author":2,"featured_media":638776,"comment_status":"","ping_status":"","sticky":false,"template":"","format":"standard","meta":{"footnotes":""},"categories":[1355],"tags":[5734,58,59,1011,27,100,1361,873,1476,18757],"class_list":{"0":"post-638775","1":"post","2":"type-post","3":"status-publish","4":"format-standard","5":"has-post-thumbnail","7":"category-musique","8":"tag-5734","9":"tag-divertissement","10":"tag-entertainment","11":"tag-fr","12":"tag-france","13":"tag-hopital","14":"tag-music","15":"tag-musique","16":"tag-operation","17":"tag-pink"},"share_on_mastodon":{"url":"https:\/\/pubeurope.com\/@fr\/115832508546714934","error":""},"_links":{"self":[{"href":"https:\/\/www.europesays.com\/fr\/wp-json\/wp\/v2\/posts\/638775","targetHints":{"allow":["GET"]}}],"collection":[{"href":"https:\/\/www.europesays.com\/fr\/wp-json\/wp\/v2\/posts"}],"about":[{"href":"https:\/\/www.europesays.com\/fr\/wp-json\/wp\/v2\/types\/post"}],"author":[{"embeddable":true,"href":"https:\/\/www.europesays.com\/fr\/wp-json\/wp\/v2\/users\/2"}],"replies":[{"embeddable":true,"href":"https:\/\/www.europesays.com\/fr\/wp-json\/wp\/v2\/comments?post=638775"}],"version-history":[{"count":0,"href":"https:\/\/www.europesays.com\/fr\/wp-json\/wp\/v2\/posts\/638775\/revisions"}],"wp:featuredmedia":[{"embeddable":true,"href":"https:\/\/www.europesays.com\/fr\/wp-json\/wp\/v2\/media\/638776"}],"wp:attachment":[{"href":"https:\/\/www.europesays.com\/fr\/wp-json\/wp\/v2\/media?parent=638775"}],"wp:term":[{"taxonomy":"category","embeddable":true,"href":"https:\/\/www.europesays.com\/fr\/wp-json\/wp\/v2\/categories?post=638775"},{"taxonomy":"post_tag","embeddable":true,"href":"https:\/\/www.europesays.com\/fr\/wp-json\/wp\/v2\/tags?post=638775"}],"curies":[{"name":"wp","href":"https:\/\/api.w.org\/{rel}","templated":true}]}}