{"id":638784,"date":"2026-01-03T18:13:12","date_gmt":"2026-01-03T18:13:12","guid":{"rendered":"https:\/\/www.europesays.com\/fr\/638784\/"},"modified":"2026-01-03T18:13:12","modified_gmt":"2026-01-03T18:13:12","slug":"votre-difficulte-a-suivre-une-conversation-dans-un-cafe-bruyant-ne-vient-pas-de-vos-oreilles","status":"publish","type":"post","link":"https:\/\/www.europesays.com\/fr\/638784\/","title":{"rendered":"Votre difficult\u00e9 \u00e0 suivre une conversation dans un caf\u00e9 bruyant ne vient pas de vos oreilles"},"content":{"rendered":"<p class=\"whitespace-normal break-words\"><strong>Commander dans un caf\u00e9 bond\u00e9, comprendre son professeur dans une classe agit\u00e9e, suivre une discussion lors d\u2019une soir\u00e9e anim\u00e9e : ces situations banales mettent certaines personnes en difficult\u00e9 sans qu\u2019elles comprennent vraiment pourquoi. Une \u00e9tude r\u00e9cente de l\u2019Universit\u00e9 de Washington publi\u00e9e dans <a href=\"https:\/\/doi.org\/10.1371\/journal.pone.0329581\" target=\"_blank\" rel=\"noopener\">PLOS One<\/a>\u00a0vient d\u2019\u00e9clairer ce myst\u00e8re quotidien d\u2019un jour nouveau. Et la r\u00e9ponse ne se trouve pas l\u00e0 o\u00f9 on l\u2019attendait : le probl\u00e8me n\u2019est pas dans vos oreilles, mais dans la fa\u00e7on dont votre cerveau traite l\u2019information.<\/strong><\/p>\n<p>Le paradoxe des oreilles qui fonctionnent parfaitement<\/p>\n<p class=\"whitespace-normal break-words\">L\u2019\u00e9quipe de recherche dirig\u00e9e par Bonnie Lau, neuroscientifique sp\u00e9cialis\u00e9e dans l\u2019audition, a recrut\u00e9 49 participants pour une exp\u00e9rience \u00e9l\u00e9gante. Parmi eux, 12 personnes autistes, 10 atteintes du syndrome d\u2019alcoolisation f\u0153tale, et 27 individus neurotypiques servant de groupe t\u00e9moin. Le choix de ces populations n\u2019\u00e9tait pas anodin : les deux premi\u00e8res sont connues pour rencontrer des difficult\u00e9s auditives sp\u00e9cifiques dans les environnements bruyants, tout en pr\u00e9sentant des niveaux de QI vari\u00e9s.<\/p>\n<p class=\"whitespace-normal break-words\">Le d\u00e9tail crucial : tous les participants poss\u00e9daient une audition parfaitement normale. Aucun probl\u00e8me d\u2019oreille interne, aucune perte auditive d\u00e9tectable. Pourtant, face \u00e0 un test simulant le fameux \u00ab\u00a0probl\u00e8me du cocktail\u00a0\u00bb \u2013 distinguer une conversation pr\u00e9cise parmi plusieurs voix parlant simultan\u00e9ment \u2013 les performances variaient consid\u00e9rablement.<\/p>\n<p>Une corr\u00e9lation qui traverse les fronti\u00e8res neurologiques<\/p>\n<p class=\"whitespace-normal break-words\">Les r\u00e9sultats ont r\u00e9v\u00e9l\u00e9 une tendance frappante : les personnes ayant un <a href=\"https:\/\/sciencepost.fr\/une-etude-massive-revele-un-lien-surprenant-entre-qi-et-criminalite-et-vous-ne-serez-pas-etonne-du-resultat\/\" target=\"_blank\" rel=\"noopener\">QI<\/a> plus faible \u00e9prouvaient davantage de difficult\u00e9s \u00e0 isoler la voix cible du brouhaha ambiant. Mais le plus fascinant r\u00e9side dans la constance de cette corr\u00e9lation. Qu\u2019il s\u2019agisse de personnes autistes, atteintes du syndrome d\u2019alcoolisation f\u0153tale ou neurotypiques, le lien entre capacit\u00e9s cognitives et performance auditive demeurait identique.<\/p>\n<p class=\"whitespace-normal break-words\">Cette d\u00e9couverte bouscule notre compr\u00e9hension habituelle. Elle sugg\u00e8re que la difficult\u00e9 \u00e0 comprendre dans le bruit transcende les cat\u00e9gories diagnostiques et rel\u00e8ve d\u2019un m\u00e9canisme cognitif plus fondamental, commun \u00e0 tous les cerveaux humains.<\/p>\n<p>L\u2019audition, un marathon cognitif insoup\u00e7onn\u00e9<\/p>\n<p class=\"whitespace-normal break-words\">Pour saisir l\u2019ampleur du d\u00e9fi que repr\u00e9sente une simple conversation dans un environnement bruyant, il faut d\u00e9composer les op\u00e9rations mentales en jeu. Le cerveau doit d\u2019abord s\u00e9parer les diff\u00e9rents flux sonores qui lui parviennent simultan\u00e9ment. Imaginez un chef d\u2019orchestre devant identifier chaque instrument dans une symphonie cacophonique.<\/p>\n<p class=\"whitespace-normal break-words\">Ensuite vient l\u2019\u00e9tape de hi\u00e9rarchisation : d\u00e9terminer quels sons m\u00e9ritent l\u2019attention et lesquels peuvent \u00eatre rel\u00e9gu\u00e9s en arri\u00e8re-plan. Le cerveau doit ensuite isoler le discours pertinent, extraire le sens des mots prononc\u00e9s, tout en traitant parall\u00e8lement les indices visuels \u2013 expressions faciales, mouvements des l\u00e8vres, langage corporel.<\/p>\n<p class=\"whitespace-normal break-words\">Enfin, il faut formuler des r\u00e9ponses appropri\u00e9es, qu\u2019elles soient verbales ou non-verbales. Un sourire au bon moment, un hochement de t\u00eate, une r\u00e9plique pertinente : autant de micro-d\u00e9cisions qui s\u2019encha\u00eenent \u00e0 une vitesse vertigineuse. La charge cognitive de cette apparente simplicit\u00e9 est consid\u00e9rable.<\/p>\n<p><img loading=\"lazy\" data-lazyloaded=\"1\" decoding=\"async\" class=\"aligncenter size-full wp-image-319488\" src=\"https:\/\/www.europesays.com\/fr\/wp-content\/uploads\/2026\/01\/iStock-1180418289.jpg\" alt=\"oreilles\" width=\"1254\" height=\"836\"  data-\/>Cr\u00e9dit : Mariia Rossiitseva\/istock<\/p>\n<p>Des applications concr\u00e8tes au-del\u00e0 du laboratoire<\/p>\n<p class=\"whitespace-normal break-words\">Les chercheurs reconnaissent que leur \u00e9chantillon reste modeste, mais leurs conclusions ouvrent des perspectives pratiques imm\u00e9diates. Dans les salles de classe, par exemple, placer strat\u00e9giquement certains \u00e9l\u00e8ves pr\u00e8s de l\u2019enseignant pourrait transformer leur exp\u00e9rience scolaire, non pas parce qu\u2019ils entendent mal, mais parce que leur cerveau a besoin de conditions optimales pour traiter l\u2019information auditive.<\/p>\n<p class=\"whitespace-normal break-words\">Cette recherche s\u2019inscrit dans une lign\u00e9e d\u2019\u00e9tudes ayant d\u00e9j\u00e0 \u00e9tabli des liens entre difficult\u00e9s auditives en environnement bruyant et risque de d\u00e9mence. Elle enrichit \u00e9galement notre arsenal de solutions pour aider les personnes confront\u00e9es \u00e0 ce d\u00e9fi quotidien.<\/p>\n<p>Repenser les probl\u00e8mes d\u2019audition<\/p>\n<p class=\"whitespace-normal break-words\">Le message central de cette \u00e9tude r\u00e9side dans un changement de paradigme. Les difficult\u00e9s \u00e0 comprendre dans le bruit ne signalent pas n\u00e9cessairement un probl\u00e8me d\u2019oreille au sens m\u00e9dical du terme. Elles peuvent refl\u00e9ter la fa\u00e7on dont notre cerveau g\u00e8re la complexit\u00e9 cognitive impos\u00e9e par les environnements sonores difficiles.<\/p>\n<p class=\"whitespace-normal break-words\">Cette nuance est fondamentale. Elle signifie que les approches traditionnelles bas\u00e9es uniquement sur des tests auditifs classiques passent potentiellement \u00e0 c\u00f4t\u00e9 du v\u00e9ritable probl\u00e8me. Pour certaines personnes, la solution ne r\u00e9side pas dans un appareil auditif, mais dans des am\u00e9nagements environnementaux ou des strat\u00e9gies cognitives adapt\u00e9es.<\/p>\n<p class=\"whitespace-normal break-words\">Comprendre que l\u2019audition dans le bruit sollicite massivement nos ressources mentales permet \u00e9galement de normaliser ces difficult\u00e9s. Ce n\u2019est pas une faiblesse personnelle, mais le reflet de la charge cognitive objective que ces situations imposent \u00e0 tous les cerveaux, certains \u00e9tant simplement plus sollicit\u00e9s que d\u2019autres.<\/p>\n","protected":false},"excerpt":{"rendered":"Commander dans un caf\u00e9 bond\u00e9, comprendre son professeur dans une classe agit\u00e9e, suivre une discussion lors d\u2019une soir\u00e9e&hellip;\n","protected":false},"author":2,"featured_media":638785,"comment_status":"","ping_status":"","sticky":false,"template":"","format":"standard","meta":{"footnotes":""},"categories":[7],"tags":[1011,27,43,40,41,39,42,44],"class_list":{"0":"post-638784","1":"post","2":"type-post","3":"status-publish","4":"format-standard","5":"has-post-thumbnail","7":"category-sciences-et-technologies","8":"tag-fr","9":"tag-france","10":"tag-science","11":"tag-science-and-technology","12":"tag-sciences","13":"tag-sciences-et-technologies","14":"tag-technologies","15":"tag-technology"},"share_on_mastodon":{"url":"https:\/\/pubeurope.com\/@fr\/115832527709862773","error":""},"_links":{"self":[{"href":"https:\/\/www.europesays.com\/fr\/wp-json\/wp\/v2\/posts\/638784","targetHints":{"allow":["GET"]}}],"collection":[{"href":"https:\/\/www.europesays.com\/fr\/wp-json\/wp\/v2\/posts"}],"about":[{"href":"https:\/\/www.europesays.com\/fr\/wp-json\/wp\/v2\/types\/post"}],"author":[{"embeddable":true,"href":"https:\/\/www.europesays.com\/fr\/wp-json\/wp\/v2\/users\/2"}],"replies":[{"embeddable":true,"href":"https:\/\/www.europesays.com\/fr\/wp-json\/wp\/v2\/comments?post=638784"}],"version-history":[{"count":0,"href":"https:\/\/www.europesays.com\/fr\/wp-json\/wp\/v2\/posts\/638784\/revisions"}],"wp:featuredmedia":[{"embeddable":true,"href":"https:\/\/www.europesays.com\/fr\/wp-json\/wp\/v2\/media\/638785"}],"wp:attachment":[{"href":"https:\/\/www.europesays.com\/fr\/wp-json\/wp\/v2\/media?parent=638784"}],"wp:term":[{"taxonomy":"category","embeddable":true,"href":"https:\/\/www.europesays.com\/fr\/wp-json\/wp\/v2\/categories?post=638784"},{"taxonomy":"post_tag","embeddable":true,"href":"https:\/\/www.europesays.com\/fr\/wp-json\/wp\/v2\/tags?post=638784"}],"curies":[{"name":"wp","href":"https:\/\/api.w.org\/{rel}","templated":true}]}}