{"id":638788,"date":"2026-01-03T18:15:10","date_gmt":"2026-01-03T18:15:10","guid":{"rendered":"https:\/\/www.europesays.com\/fr\/638788\/"},"modified":"2026-01-03T18:15:10","modified_gmt":"2026-01-03T18:15:10","slug":"son-chien-etait-avec-lui-le-corps-de-johnathan-4-ans-disparu-le-jour-du-reveillon-du-nouvel-an-retrouve-aux-etats-unis","status":"publish","type":"post","link":"https:\/\/www.europesays.com\/fr\/638788\/","title":{"rendered":"\u00ab\u00a0Son chien \u00e9tait avec lui\u00a0\u00bb\u00a0: le corps de Johnathan, 4\u00a0ans, disparu le jour du r\u00e9veillon du Nouvel An, retrouv\u00e9 aux \u00c9tats-Unis"},"content":{"rendered":"<p class=\"paragraph text_align_left lp-f-body-02\">Les autorit\u00e9s am\u00e9ricaines estiment que le petit Johnathan aurait pu s\u2019\u00e9loigner de chez lui en suivant son chien. Le petit gar\u00e7on \u00e2g\u00e9 de 4\u00a0ans qui n\u2019avait plus donn\u00e9 signe de vie depuis le 31\u00a0d\u00e9cembre a \u00e9t\u00e9 retrouv\u00e9 mort \u00e0 environ 3\u00a0km de la maison de son p\u00e8re, dans une zone rurale de Jasper, en Alabama.<\/p>\n<p class=\"\">\u00ab\u00a0Je suis ici pour annoncer que nous avons retrouv\u00e9 Johnathan, et que Johnathan est d\u00e9c\u00e9d\u00e9\u00a0\u00bb, a d\u00e9clar\u00e9 le sh\u00e9rif du comt\u00e9 de Walker, Nick Smith, lors d\u2019une conf\u00e9rence de presse vendredi 2\u00a0janvier. \u00ab\u00a0Son chien \u00e9tait avec lui, encore vivant\u00a0\u00bb, note <a href=\"https:\/\/www.nbcnews.com\/news\/us-news\/search-underway-4-year-old-alabama-boy-missing-new-years-eve-rcna251869\" target=\"_self\" rel=\"noopener\">NBC News<\/a>.<\/p>\n<p>Des enfants \u00ab\u00a0tr\u00e8s aventureux\u00a0\u00bb<\/p>\n<p class=\"\">L\u2019enfant est signal\u00e9 disparu depuis le 31\u00a0d\u00e9cembre au matin. Il se trouvait alors en vacances chez son p\u00e8re, Jameson Kyle Boley, avec son fr\u00e8re a\u00een\u00e9, \u00e2g\u00e9 de 6\u00a0ans, pour cinq jours. Au moment de sa disparition, le chien de la famille, un labrador noir nomm\u00e9 Buck se trouvait avec eux. Le chien a \u00e9t\u00e9 retrouv\u00e9 non loin du corps de l\u2019enfant.<\/p>\n<p class=\"\">\u00ab\u00a0Si John suivait Buck, on ne peut pas savoir jusqu\u2019o\u00f9 ils ont pu aller\u00a0\u00bb, a d\u00e9taill\u00e9 le sh\u00e9rif, rappelant que \u00ab\u00a0des enfants peuvent parcourir deux, trois, voire 4 miles (environ 6\u00a0km) lorsqu\u2019ils s\u2019\u00e9loignent, surtout avec un compagnon comme un chien\u00a0\u00bb.<\/p>\n<p class=\"lp-card-podcast-highlighting__title  lp-f-subtitle-05\">Affaire Saizelet\u00a0: un meurtre inspir\u00e9 par la s\u00e9rie \u00ab\u00a0Columbo\u00a0\u00bb<\/p>\n<p><a class=\"lp-card-podcast-highlighting__call-to-action\" data-page-type=\"HP\" data-block-name=\"podcast-highlight\">\u00c9couter<\/a><\/p>\n<p class=\"\">Le sh\u00e9rif a d\u00e9crit les deux enfants comme \u00ab\u00a0tr\u00e8s aventureux\u00a0\u00bb, rapporte <a href=\"https:\/\/eu.usatoday.com\/story\/news\/nation\/2026\/01\/02\/johnathan-boley-body-found-dog\/87991101007\/\" target=\"_self\" rel=\"noopener\">USA Today<\/a>. \u00ab\u00a0Ce sont des enfants qui aiment le plein air\u00a0\u00bb, a-t-il ajout\u00e9. Aucune information n\u2019a \u00e9t\u00e9 communiqu\u00e9e sur l\u2019\u00e9tat de sant\u00e9 du fr\u00e8re a\u00een\u00e9.<\/p>\n<p class=\"\">Le p\u00e8re a quant \u00e0 lui \u00e9t\u00e9 arr\u00eat\u00e9, mais pour une infraction li\u00e9e \u00e0 des explosifs, \u00ab\u00a0sans aucun lien\u00a0\u00bb avec la disparition de Johnathan. Une enqu\u00eate est toujours en cours pour d\u00e9terminer la cause de la mort de l\u2019enfant.<\/p>\n","protected":false},"excerpt":{"rendered":"Les autorit\u00e9s am\u00e9ricaines estiment que le petit Johnathan aurait pu s\u2019\u00e9loigner de chez lui en suivant son chien.&hellip;\n","protected":false},"author":2,"featured_media":638789,"comment_status":"","ping_status":"","sticky":false,"template":"","format":"standard","meta":{"footnotes":""},"categories":[5],"tags":[11,118,1011,27,14,12,28],"class_list":{"0":"post-638788","1":"post","2":"type-post","3":"status-publish","4":"format-standard","5":"has-post-thumbnail","7":"category-international","8":"tag-actualites","9":"tag-faits-divers","10":"tag-fr","11":"tag-france","12":"tag-international","13":"tag-news","14":"tag-world"},"share_on_mastodon":{"url":"https:\/\/pubeurope.com\/@fr\/115832535411400615","error":""},"_links":{"self":[{"href":"https:\/\/www.europesays.com\/fr\/wp-json\/wp\/v2\/posts\/638788","targetHints":{"allow":["GET"]}}],"collection":[{"href":"https:\/\/www.europesays.com\/fr\/wp-json\/wp\/v2\/posts"}],"about":[{"href":"https:\/\/www.europesays.com\/fr\/wp-json\/wp\/v2\/types\/post"}],"author":[{"embeddable":true,"href":"https:\/\/www.europesays.com\/fr\/wp-json\/wp\/v2\/users\/2"}],"replies":[{"embeddable":true,"href":"https:\/\/www.europesays.com\/fr\/wp-json\/wp\/v2\/comments?post=638788"}],"version-history":[{"count":0,"href":"https:\/\/www.europesays.com\/fr\/wp-json\/wp\/v2\/posts\/638788\/revisions"}],"wp:featuredmedia":[{"embeddable":true,"href":"https:\/\/www.europesays.com\/fr\/wp-json\/wp\/v2\/media\/638789"}],"wp:attachment":[{"href":"https:\/\/www.europesays.com\/fr\/wp-json\/wp\/v2\/media?parent=638788"}],"wp:term":[{"taxonomy":"category","embeddable":true,"href":"https:\/\/www.europesays.com\/fr\/wp-json\/wp\/v2\/categories?post=638788"},{"taxonomy":"post_tag","embeddable":true,"href":"https:\/\/www.europesays.com\/fr\/wp-json\/wp\/v2\/tags?post=638788"}],"curies":[{"name":"wp","href":"https:\/\/api.w.org\/{rel}","templated":true}]}}