{"id":638794,"date":"2026-01-03T18:18:12","date_gmt":"2026-01-03T18:18:12","guid":{"rendered":"https:\/\/www.europesays.com\/fr\/638794\/"},"modified":"2026-01-03T18:18:12","modified_gmt":"2026-01-03T18:18:12","slug":"les-luttes-peinent-a-converger","status":"publish","type":"post","link":"https:\/\/www.europesays.com\/fr\/638794\/","title":{"rendered":"les luttes peinent \u00e0 converger"},"content":{"rendered":"<p>Ils \u00e9taient quinze selon les organisateurs. Et selon la police\u00a0? On ne le saura pas, aucun membre des forces de l\u2019ordre n\u2019\u00e9tait pr\u00e9sent pour encadrer ce petit rassemblement, place du Peuple \u00e0 Saint-Etienne, samedi en milieu d\u2019apr\u00e8s-midi.<\/p>\n<p>L\u2019appel avait \u00e9t\u00e9 lanc\u00e9 via les r\u00e9seaux sociaux pour se mobiliser \u00ab\u00a0contre la pr\u00e9carit\u00e9, le Mercosur, la colonisation et le capitalisme\u00a0\u00bb avec pour mot d\u2019ordre \u00ab\u00a0la convergence des luttes\u00a0\u00bb. Sur place, pas de banderole, mais des discussions sur les moyens d\u2019action et de rassembler \u00ab\u00a0citadins et ruraux, retrait\u00e9s et travailleurs pauvres\u00a0\u00bb<\/p>\n<p>Ils \u00e9taient d\u00e9j\u00e0, place du Peuple, <a href=\"https:\/\/www.leprogres.fr\/economie\/2025\/12\/20\/une-mobilisation-citoyenne-sans-tracteur-pour-soutenir-les-agriculteurs\" target=\"_blank\" rel=\"noopener\">les deux samedis pr\u00e9c\u00e9dents<\/a>. Mais alors qu\u2019ils \u00e9taient une cinquantaine, il y a deux semaines, la mobilisation s\u2019\u00e9tiole. Les participants, un poil d\u00e9sabus\u00e9s, en sourient\u00a0: \u00ab\u00a0Ils sont plus nombreux que nous l\u00e0-bas\u00a0\u00bb, lance l\u2019un d\u2019eux en montrant un groupe de personnes discutant devant une sup\u00e9rette. Peu importe, leur lutte continue\u00a0: \u00ab\u00a0On revient samedi prochain.\u00a0\u00bb<\/p>\n","protected":false},"excerpt":{"rendered":"Ils \u00e9taient quinze selon les organisateurs. Et selon la police\u00a0? On ne le saura pas, aucun membre des&hellip;\n","protected":false},"author":2,"featured_media":638795,"comment_status":"","ping_status":"","sticky":false,"template":"","format":"standard","meta":{"footnotes":""},"categories":[9653],"tags":[1111,11,2430,9671,7539,1777,674,1011,27,3367,12,25,4001,7538,801],"class_list":{"0":"post-638794","1":"post","2":"type-post","3":"status-publish","4":"format-standard","5":"has-post-thumbnail","7":"category-saint-etienne","8":"tag-actu","9":"tag-actualites","10":"tag-auvergne-rhone-alpes","11":"tag-conflit-social","12":"tag-edition-loire-sud","13":"tag-eu","14":"tag-europe","15":"tag-fr","16":"tag-france","17":"tag-loire","18":"tag-news","19":"tag-republique-francaise","20":"tag-saint-etienne","21":"tag-saint-etienne-ville","22":"tag-social"},"share_on_mastodon":{"url":"https:\/\/pubeurope.com\/@fr\/115832547167055287","error":""},"_links":{"self":[{"href":"https:\/\/www.europesays.com\/fr\/wp-json\/wp\/v2\/posts\/638794","targetHints":{"allow":["GET"]}}],"collection":[{"href":"https:\/\/www.europesays.com\/fr\/wp-json\/wp\/v2\/posts"}],"about":[{"href":"https:\/\/www.europesays.com\/fr\/wp-json\/wp\/v2\/types\/post"}],"author":[{"embeddable":true,"href":"https:\/\/www.europesays.com\/fr\/wp-json\/wp\/v2\/users\/2"}],"replies":[{"embeddable":true,"href":"https:\/\/www.europesays.com\/fr\/wp-json\/wp\/v2\/comments?post=638794"}],"version-history":[{"count":0,"href":"https:\/\/www.europesays.com\/fr\/wp-json\/wp\/v2\/posts\/638794\/revisions"}],"wp:featuredmedia":[{"embeddable":true,"href":"https:\/\/www.europesays.com\/fr\/wp-json\/wp\/v2\/media\/638795"}],"wp:attachment":[{"href":"https:\/\/www.europesays.com\/fr\/wp-json\/wp\/v2\/media?parent=638794"}],"wp:term":[{"taxonomy":"category","embeddable":true,"href":"https:\/\/www.europesays.com\/fr\/wp-json\/wp\/v2\/categories?post=638794"},{"taxonomy":"post_tag","embeddable":true,"href":"https:\/\/www.europesays.com\/fr\/wp-json\/wp\/v2\/tags?post=638794"}],"curies":[{"name":"wp","href":"https:\/\/api.w.org\/{rel}","templated":true}]}}