{"id":638798,"date":"2026-01-03T18:20:23","date_gmt":"2026-01-03T18:20:23","guid":{"rendered":"https:\/\/www.europesays.com\/fr\/638798\/"},"modified":"2026-01-03T18:20:23","modified_gmt":"2026-01-03T18:20:23","slug":"a-nancy-la-justice-donne-raison-a-une-salariee-jugee-trop-tactile","status":"publish","type":"post","link":"https:\/\/www.europesays.com\/fr\/638798\/","title":{"rendered":"\u00e0 Nancy, la justice donne raison \u00e0 une salari\u00e9e jug\u00e9e \u00ab\u00a0trop tactile\u00a0\u00bb"},"content":{"rendered":"<p>                    Par<br \/>\n        <strong><br \/>\n            <a href=\"https:\/\/actu.fr\/auteur\/redaction-lorraine\" title=\"Consulter tous les articles de R\u00e9daction Lorraine\" target=\"_blank\" rel=\"noopener\">R\u00e9daction Lorraine<\/a><br \/>\n                    <\/strong><\/p>\n<p>        Publi\u00e9 le<\/p>\n<p>            3 janv. 2026 \u00e0 18h02        <\/p>\n<p>Le <strong>tribunal administratif de Cergy-Pontoise<\/strong> a d\u00e9savou\u00e9 l\u2019ICN, l\u2019\u00e9cole de commerce de Nancy (Meurthe-et-Moselle), qui l\u2019avait saisi pour licencier une salari\u00e9e accus\u00e9e d\u2019\u00eatre <strong>trop \u00ab\u00a0tactile\u00a0\u00bb<\/strong> avec les <strong>\u00e9tudiants<\/strong> et ses <strong>coll\u00e8gues<\/strong> de travail.<\/p>\n<p>Un premier refus en 2023<\/p>\n<p class=\" wall-content\">L\u2019ICN Business School \u2013 qui compte 3 300 \u00e9tudiants sur ses trois campus \u00e0 Nancy, Puteaux (Hauts-de-Seine) et Berlin (Allemagne) \u2013 avait demand\u00e9 \u00e0 l\u2019inspection du travail \u00ab\u00a0l\u2019autorisation\u00a0\u00bb de licencier pour \u00ab\u00a0<strong>motif disciplinaire<\/strong>\u00a0\u00bb Vanessa, qui exerce comme \u00ab\u00a0coordinatrice du programme grande \u00e9cole\u00a0\u00bb et \u00e9lue suppl\u00e9ante au comit\u00e9 social et \u00e9conomique (CSE).<\/p>\n<p class=\" wall-content\">Mais l\u2019inspectrice du travail des Hauts-de-Seine avait <strong>refus\u00e9<\/strong> le 9 octobre 2023 d\u2019autoriser ce licenciement \u00ab\u00a0disciplinaire\u00a0\u00bb. La soci\u00e9t\u00e9 \u2013 bas\u00e9e \u00e0 Nancy sur la place de Padoue \u2013 avait form\u00e9 un \u00ab\u00a0<strong>recours hi\u00e9rarchique<\/strong>\u00a0\u00bb aupr\u00e8s du ministre du Travail de l\u2019\u00e9poque, Olivier Dussopt, sans plus de succ\u00e8s.<\/p>\n<p>Des faits \u00ab\u00a0d\u2019une gravit\u00e9 suffisante pour justifier un licenciement\u00a0\u00bb<\/p>\n<p class=\" wall-content\">L\u2019\u00e9cole de commerce s\u2019\u00e9tait donc r\u00e9solue \u00e0 saisir la justice administrative : la \u00ab\u00a0mat\u00e9rialit\u00e9 des faits\u00a0\u00bb \u00e9tait \u00ab\u00a0\u00e9tablie\u00a0\u00bb et ceux-ci \u00e9taient \u00ab\u00a0d\u2019une <strong>gravit\u00e9 suffisante<\/strong> pour justifier un licenciement\u00a0\u00bb. Il n\u2019existait d\u2019ailleurs \u00ab\u00a0<strong>pas de lien<\/strong> entre la demande d\u2019autorisation de licenciement et le mandat exerc\u00e9 par la salari\u00e9e\u00a0\u00bb, assurait-elle aux juges. L\u2019ICN voulait donc qu\u2019il soit fait \u00ab\u00a0injonction\u00a0\u00bb \u00e0 l\u2019inspection du travail de \u00ab\u00a0r\u00e9examiner\u00a0\u00bb sa demande d\u2019autorisation de licenciement. Elle r\u00e9clamait au passage <strong>8 000 \u20ac<\/strong> \u00e0 l\u2019\u00c9tat pour ses frais d\u2019avocat.<\/p>\n<p class=\" wall-content\">En r\u00e9plique, Vanessa assurait que \u00ab\u00a0la mat\u00e9rialit\u00e9\u00a0\u00bb de \u00ab\u00a0certains faits\u00a0\u00bb n\u2019\u00e9tait \u00ab\u00a0pas \u00e9tablie\u00a0\u00bb et que ses \u00ab\u00a0pr\u00e9tendus gestes tactiles\u00a0\u00bb <strong>ne caract\u00e9risent pas une \u00ab\u00a0faute grave\u00a0\u00bb<\/strong>. Elle soutenait \u00e9galement que la demande de licenciement \u00e0 son encontre \u00e9tait en \u00ab\u00a0lien\u00a0\u00bb avec son \u00ab\u00a0mandat\u00a0\u00bb d\u2019\u00e9lue du personnel.<\/p>\n<p>La concern\u00e9e accus\u00e9e d\u2019avoir eu une altercation avec un salari\u00e9<\/p>\n<p class=\" wall-content\">De son c\u00f4t\u00e9, l\u2019\u00e9cole reprochait aussi \u00e0 Vanessa d\u2019avoir eu une \u00ab\u00a0<strong>altercation<\/strong>\u00a0\u00bb avec le \u00ab\u00a0salari\u00e9 d\u2019un prestataire\u00a0\u00bb et d\u2019avoir incit\u00e9 une coll\u00e8gue au \u00ab\u00a0<strong>d\u00e9nigrement<\/strong>\u00a0\u00bb de l\u2019ICN, r\u00e9sume le tribunal administratif de Cergy-Pontoise dans un jugement du 29 septembre 2025 qui vient d\u2019\u00eatre rendu public.<\/p>\n<p>Votre r\u00e9gion, votre actu !<\/p>\n<p>Recevez chaque jour les infos qui comptent pour vous.<\/p>\n<p>\t<a href=\"https:\/\/actu.fr\/newsletter\" class=\"ac-btn ac-btn--corner ac-btn--medium ac-btn--blue800\" target=\"_blank\" rel=\"noopener\">S&rsquo;incrire<\/a><\/p>\n<p class=\" wall-content\">\u00ab\u00a0Pour justifier que Mme. X aurait bien agress\u00e9 [un salari\u00e9, ndlr], l\u2019\u00e9tablissement (\u2026) produit (\u2026) <strong>un mail<\/strong> de [ce salari\u00e9, ndlr] adress\u00e9 \u00e0 ses sup\u00e9rieurs pour les avertir de l\u2019altercation (\u2026), l\u2019entretien de ce m\u00eame salari\u00e9 devant une commission d\u2019enqu\u00eate mise en place par l\u2019\u00e9cole ainsi qu\u2019une <strong>main courante<\/strong> d\u00e9pos\u00e9e par ce dernier\u00a0\u00bb, pr\u00e9cisent les juges. Mais \u00ab\u00a0les faits en cause ne peuvent \u00eatre consid\u00e9r\u00e9s (\u2026) comme mat\u00e9riellement \u00e9tablis\u00a0\u00bb, ajoutent-ils aussit\u00f4t, puisque l\u2019ICN n\u2019apporte <strong>aucun \u00ab\u00a0autre \u00e9l\u00e9ment de preuve<\/strong> provenant de tiers, t\u00e9moin direct, comme des t\u00e9moignages d\u2019autres coll\u00e8gues\u00a0\u00bb.<\/p>\n<p>\u00ab\u00a0Une tape sur les fesses\u00a0\u00bb signal\u00e9e<\/p>\n<p class=\" wall-content\">\u00ab\u00a0Si le ministre a consid\u00e9r\u00e9 que trois faits en lien avec un comportement tactile \u00e9taient \u00e9tablis, imputables \u00e0 Mme. X et fautifs, il a toutefois retenu que le comportement tactile de l\u2019int\u00e9ress\u00e9e envers un \u00e9tudiant, relev\u00e9 le 29 ao\u00fbt 2022, (\u2026) <strong>ne pouvait donner lieu \u00e0 une nouvelle sanction<\/strong>\u00a0\u00bb car l\u2019int\u00e9ress\u00e9e avait <strong>d\u00e9j\u00e0 \u00e9t\u00e9 \u00ab\u00a0sanctionn\u00e9e<\/strong> par une observation \u00e9crite\u00a0\u00bb.<\/p>\n<p class=\" wall-content\">Quant aux deux autres faits \u2013 une \u00ab\u00a0<strong>tape sur les fesses<\/strong>\u00a0\u00bb d\u2019un coll\u00e8gue et une <strong>tentative de \u00ab\u00a0prendre dans ses bras\u00a0\u00bb<\/strong> un autre salari\u00e9 \u2013 ils n\u2019\u00e9taient \u00ab\u00a0<strong>pas d\u2019une gravit\u00e9 suffisante<\/strong> pour justifier le licenciement pour motif disciplinaire de l\u2019int\u00e9ress\u00e9e\u00a0\u00bb, avait estim\u00e9 le ministre.<\/p>\n<p>La requ\u00eate de l\u2019\u00e9cole de commerce rejet\u00e9e<\/p>\n<p class=\" wall-content\">Si ce comportement \u00ab\u00a0peut \u00eatre regard\u00e9 comme fautif\u00a0\u00bb, l\u2019int\u00e9ress\u00e9e n\u2019avait jusqu\u2019alors \u00ab\u00a0<strong>pas re\u00e7u d\u2019avertissement<\/strong> ant\u00e9rieur de son employeur relatif \u00e0 un comportement tactile ou inappropri\u00e9 envers des coll\u00e8gues\u00a0\u00bb hormis \u00ab\u00a0une observation \u00e9crite\u00a0\u00bb fait en effet observer le tribunal administratif de Cergy-Pontoise.<\/p>\n<p class=\" wall-content\">\u00ab\u00a0D\u00e8s lors qu\u2019il ne ressort pas (\u2026) du dossier que Mme. X avait une intention malveillante, et (\u2026) que le licenciement est la sanction disciplinaire la plus \u00e9lev\u00e9e dans l\u2019\u00e9chelle des sanctions (\u2026), les faits commis (\u2026) <strong>ne peuvent \u00eatre regard\u00e9s comme \u00e9tant d\u2019une gravit\u00e9 suffisante<\/strong> pour justifier une mesure de licenciement pour motif disciplinaire\u00a0\u00bb, en concluent les juges.<\/p>\n<p class=\" wall-content\">La requ\u00eate de l\u2019\u00e9cole de commerce est donc <strong>rejet\u00e9e<\/strong> et elle <strong>devra m\u00eame verser 1 500 \u20ac<\/strong> \u00e0 Vanessa pour ses frais d\u2019avocat.<\/p>\n<p class=\" wall-content\"><strong>Avec RB et GF (PressPepper).<\/strong><\/p>\n<p class=\" wall-content\">Personnalisez votre actualit\u00e9 en ajoutant vos villes et m\u00e9dias en favori avec <a href=\"https:\/\/moncompte.actu.fr\" title=\"D\u00e9couvez Mon Actu\" rel=\"nofollow noopener\" data-trk=\"{&quot;cta&quot;:{&quot;action&quot;:&quot;https:\\\/\\\/moncompte.actu.fr&quot;,&quot;category&quot;:&quot;mon compte&quot;,&quot;from&quot;:&quot;article footer&quot;,&quot;name&quot;:&quot;Mon actu&quot;,&quot;type&quot;:&quot;cta&quot;}}\" target=\"_blank\">Mon Actu<\/a>.<\/p>\n","protected":false},"excerpt":{"rendered":"Par R\u00e9daction Lorraine Publi\u00e9 le 3 janv. 2026 \u00e0 18h02 Le tribunal administratif de Cergy-Pontoise a d\u00e9savou\u00e9 l\u2019ICN,&hellip;\n","protected":false},"author":2,"featured_media":638799,"comment_status":"","ping_status":"","sticky":false,"template":"","format":"standard","meta":{"footnotes":""},"categories":[9635],"tags":[1111,11,1777,674,118,1011,27,775,303,1702,12,25],"class_list":{"0":"post-638798","1":"post","2":"type-post","3":"status-publish","4":"format-standard","5":"has-post-thumbnail","7":"category-nancy","8":"tag-actu","9":"tag-actualites","10":"tag-eu","11":"tag-europe","12":"tag-faits-divers","13":"tag-fr","14":"tag-france","15":"tag-grand-est","16":"tag-justice","17":"tag-nancy","18":"tag-news","19":"tag-republique-francaise"},"share_on_mastodon":{"url":"https:\/\/pubeurope.com\/@fr\/115832554967248013","error":""},"_links":{"self":[{"href":"https:\/\/www.europesays.com\/fr\/wp-json\/wp\/v2\/posts\/638798","targetHints":{"allow":["GET"]}}],"collection":[{"href":"https:\/\/www.europesays.com\/fr\/wp-json\/wp\/v2\/posts"}],"about":[{"href":"https:\/\/www.europesays.com\/fr\/wp-json\/wp\/v2\/types\/post"}],"author":[{"embeddable":true,"href":"https:\/\/www.europesays.com\/fr\/wp-json\/wp\/v2\/users\/2"}],"replies":[{"embeddable":true,"href":"https:\/\/www.europesays.com\/fr\/wp-json\/wp\/v2\/comments?post=638798"}],"version-history":[{"count":0,"href":"https:\/\/www.europesays.com\/fr\/wp-json\/wp\/v2\/posts\/638798\/revisions"}],"wp:featuredmedia":[{"embeddable":true,"href":"https:\/\/www.europesays.com\/fr\/wp-json\/wp\/v2\/media\/638799"}],"wp:attachment":[{"href":"https:\/\/www.europesays.com\/fr\/wp-json\/wp\/v2\/media?parent=638798"}],"wp:term":[{"taxonomy":"category","embeddable":true,"href":"https:\/\/www.europesays.com\/fr\/wp-json\/wp\/v2\/categories?post=638798"},{"taxonomy":"post_tag","embeddable":true,"href":"https:\/\/www.europesays.com\/fr\/wp-json\/wp\/v2\/tags?post=638798"}],"curies":[{"name":"wp","href":"https:\/\/api.w.org\/{rel}","templated":true}]}}