{"id":638804,"date":"2026-01-03T18:24:09","date_gmt":"2026-01-03T18:24:09","guid":{"rendered":"https:\/\/www.europesays.com\/fr\/638804\/"},"modified":"2026-01-03T18:24:09","modified_gmt":"2026-01-03T18:24:09","slug":"jeu-concours-gagnez-vos-places-pour-les-annees-80-le-17-janvier-au-zenith-de-montpellier","status":"publish","type":"post","link":"https:\/\/www.europesays.com\/fr\/638804\/","title":{"rendered":"JEU CONCOURS Gagnez vos places pour Les Ann\u00e9es 80 le 17 janvier au Z\u00e9nith de Montpellier"},"content":{"rendered":"<p>En collaboration avec Adam Concerts, gagnez vos places pour le spectacle Les Ann\u00e9es 80 le vendredi 17 janvier au Z\u00e9nith de Montpellier.<\/p>\n<p>Ce spectacle culte vous replonge au c\u0153ur des ann\u00e9es 80, une d\u00e9cennie mythique marqu\u00e9e par des tubes incontournables et des artistes embl\u00e9matiques. Sur sc\u00e8ne, chanteurs et musiciens font revivre les plus grands succ\u00e8s de cette \u00e9poque l\u00e9gendaire dans une ambiance festive, nostalgique et r\u00e9solument pop. Une soir\u00e9e pleine d\u2019\u00e9nergie et de souvenirs \u00e0 partager.<\/p>\n<p><a href=\"https:\/\/adamconcerts.com\" target=\"_blank\" rel=\"noopener\">R\u00e9servations ici.<\/a><\/p>\n<p>Tentez de remporter vos places avec Objectif Gard ! Comment participer ? Il vous suffit de vous abonner aux pages officielles de notre partenaire Adam Concerts, sur les r\u00e9seaux sociaux. Cliquez simplement sur les liens ci-dessous pour acc\u00e9der \u00e0 leurs pages :<a href=\"https:\/\/www.facebook.com\/adamconcerts\/?locale=fr_FR\" target=\"_blank\" rel=\"noopener\">\u00a0Page Facebook<\/a>,\u00a0<a href=\"https:\/\/www.instagram.com\/adamconcerts\/?hl=fr\" target=\"_blank\" rel=\"noopener\">Compte Instagram<\/a>\u00a0ensuite, envoyez-nous un message priv\u00e9 via les r\u00e9seaux officiels d\u2019Objectif Gard, en nous pr\u00e9cisant \u00ab je joue pour Les Ann\u00e9es 80 \u00bb. Vous serez automatiquement inscrit pour le tirage au sort et contact\u00e9 en message priv\u00e9 si vous gagnez !<\/p>\n<p>    <script async src=\"\/\/www.instagram.com\/embed.js\"><\/script><\/p>\n","protected":false},"excerpt":{"rendered":"En collaboration avec Adam Concerts, gagnez vos places pour le spectacle Les Ann\u00e9es 80 le vendredi 17 janvier&hellip;\n","protected":false},"author":2,"featured_media":638805,"comment_status":"","ping_status":"","sticky":false,"template":"","format":"standard","meta":{"footnotes":""},"categories":[9599],"tags":[1111,11,1777,674,1011,27,2208,12,2680,25],"class_list":{"0":"post-638804","1":"post","2":"type-post","3":"status-publish","4":"format-standard","5":"has-post-thumbnail","7":"category-montpellier","8":"tag-actu","9":"tag-actualites","10":"tag-eu","11":"tag-europe","12":"tag-fr","13":"tag-france","14":"tag-montpellier","15":"tag-news","16":"tag-occitanie","17":"tag-republique-francaise"},"share_on_mastodon":{"url":"https:\/\/pubeurope.com\/@fr\/115832570790873128","error":""},"_links":{"self":[{"href":"https:\/\/www.europesays.com\/fr\/wp-json\/wp\/v2\/posts\/638804","targetHints":{"allow":["GET"]}}],"collection":[{"href":"https:\/\/www.europesays.com\/fr\/wp-json\/wp\/v2\/posts"}],"about":[{"href":"https:\/\/www.europesays.com\/fr\/wp-json\/wp\/v2\/types\/post"}],"author":[{"embeddable":true,"href":"https:\/\/www.europesays.com\/fr\/wp-json\/wp\/v2\/users\/2"}],"replies":[{"embeddable":true,"href":"https:\/\/www.europesays.com\/fr\/wp-json\/wp\/v2\/comments?post=638804"}],"version-history":[{"count":0,"href":"https:\/\/www.europesays.com\/fr\/wp-json\/wp\/v2\/posts\/638804\/revisions"}],"wp:featuredmedia":[{"embeddable":true,"href":"https:\/\/www.europesays.com\/fr\/wp-json\/wp\/v2\/media\/638805"}],"wp:attachment":[{"href":"https:\/\/www.europesays.com\/fr\/wp-json\/wp\/v2\/media?parent=638804"}],"wp:term":[{"taxonomy":"category","embeddable":true,"href":"https:\/\/www.europesays.com\/fr\/wp-json\/wp\/v2\/categories?post=638804"},{"taxonomy":"post_tag","embeddable":true,"href":"https:\/\/www.europesays.com\/fr\/wp-json\/wp\/v2\/tags?post=638804"}],"curies":[{"name":"wp","href":"https:\/\/api.w.org\/{rel}","templated":true}]}}