{"id":638806,"date":"2026-01-03T18:25:11","date_gmt":"2026-01-03T18:25:11","guid":{"rendered":"https:\/\/www.europesays.com\/fr\/638806\/"},"modified":"2026-01-03T18:25:11","modified_gmt":"2026-01-03T18:25:11","slug":"apres-45-ans-dexistence-une-emblematique-boutique-photo-de-montpellier-sapprete-a-prendre-un-virage-important","status":"publish","type":"post","link":"https:\/\/www.europesays.com\/fr\/638806\/","title":{"rendered":"Apr\u00e8s 45 ans d\u2019existence, une embl\u00e9matique boutique photo de Montpellier s&rsquo;appr\u00eate \u00e0 prendre un virage important."},"content":{"rendered":"<p>Photo Com\u00e9die, une institution du paysage montpelli\u00e9rain, s\u2019appr\u00eate \u00e0 faire peau neuve. Apr\u00e8s plus de quarante ans de service, le magasin de photographie transf\u00e9rera son activit\u00e9 \u00e0 Lattes, marquant ainsi une nouvelle \u00e9tape pour cette enseigne embl\u00e9matique.<\/p>\n<p>\u00c0 Lattes, Photo Com\u00e9die inaugure un nouvel espace d\u00e9di\u00e9 \u00e0 la photographie<\/p>\n<p>L\u2019activit\u00e9 de Photo Com\u00e9die \u00e0 Montpellier cl\u00f4turera son chapitre le 10 janvier 2026. Les clients auront alors la possibilit\u00e9 de d\u00e9couvrir la nouvelle boutique \u00e0 Lattes \u00e0 partir du 13 janvier 2026. Ce d\u00e9m\u00e9nagement est bien plus qu\u2019un simple changement d\u2019adresse : il s\u2019agit d\u2019une v\u00e9ritable \u00e9volution pour un commerce qui a marqu\u00e9 des g\u00e9n\u00e9rations de passionn\u00e9s d\u2019images. Les nouvelles installations permettront d\u2019offrir une gamme diversifi\u00e9e de mat\u00e9riel photo et vid\u00e9o, r\u00e9pondant ainsi aux attentes d\u2019un public toujours plus exigeant.<\/p>\n<p>Un espace repens\u00e9 pour une exp\u00e9rience client am\u00e9lior\u00e9e<\/p>\n<p>Le nouvel espace de vente a \u00e9t\u00e9 soigneusement con\u00e7u pour offrir une meilleure circulation et un confort accru aux visiteurs. Les all\u00e9es larges et a\u00e9r\u00e9es favoriseront un parcours de shopping agr\u00e9able, permettant aux photographes amateurs et professionnels de choisir leur mat\u00e9riel dans des conditions optimales. Avec une surface plus grande, Photo Com\u00e9die pourra d\u00e9sormais proposer un choix \u00e9largi de produits, allant de l\u2019argentique au num\u00e9rique. Ce virage vers la modernit\u00e9 est \u00e9galement un hommage \u00e0 l\u2019h\u00e9ritage de la boutique, qui a su \u00e9voluer au gr\u00e9 des transformations du secteur.<\/p>\n<p>Une r\u00e9ponse aux d\u00e9fis logistiques et environnementaux<\/p>\n<p>Le d\u00e9m\u00e9nagement \u00e0 Lattes r\u00e9pond aussi \u00e0 un enjeu pratique majeur : l\u2019am\u00e9lioration des conditions d\u2019acc\u00e8s. Finies les difficult\u00e9s de circulation rencontr\u00e9es dans le centre historique de Montpellier, les clients pourront d\u00e9sormais profiter de places de stationnement gratuites juste devant la nouvelle boutique. Cette initiative vise \u00e0 rendre l\u2019exp\u00e9rience client plus agr\u00e9able et accessible, tout en restant fid\u00e8le \u00e0 l\u2019esprit de proximit\u00e9 qui a fait la r\u00e9putation de Photo Com\u00e9die.<\/p>\n<p>D\u2019apr\u00e8s les \u00e9l\u00e9ments communiqu\u00e9s par le magasin, le nom changera l\u00e9g\u00e8rement pour devenir \u00ab\u00a0Photo Cin\u00e9 Com\u00e9die\u00a0\u00bb. Cependant, l\u2019authenticit\u00e9 et le savoir-faire de l\u2019enseigne demeureront inchang\u00e9s. Les anciens clients peuvent s\u2019attendre \u00e0 retrouver l\u2019\u00e2me du magasin intacte, enrichie par une offre plus compl\u00e8te et un environnement revitalis\u00e9.<\/p>\n<p>Ce tournant important pour Photo Com\u00e9die s\u2019inscrit dans une continuit\u00e9 qui c\u00e9l\u00e8bre l\u2019histoire de cette boutique incontournable \u00e0 Montpellier. Pour revivre ces 45 ann\u00e9es d\u2019aventures photographiques, les clients peuvent consulter des souvenirs partag\u00e9s sur les r\u00e9seaux sociaux, notamment sur leur compte Instagram <a href=\"https:\/\/www.instagram.com\/metropolitainfr\/\" rel=\"nofollow noopener\" target=\"_blank\">@metropolitainfr<\/a>.<\/p>\n<p>Photo Com\u00e9die, avec ce nouveau chapitre, d\u00e9montre qu\u2019une tradition solide peut parfaitement s\u2019int\u00e9grer dans un avenir tourn\u00e9 vers l\u2019innovation. Cela promet de belles histoires \u00e0 raconter avec des images captivantes, toujours mises en avant dans un cadre r\u00e9nov\u00e9 et accueillant.<\/p>\n<p>Pour plus d\u2019informations sur cette transition, vous pouvez consulter l\u2019article complet <a href=\"https:\/\/actu.fr\/occitanie\/lattes_34129\/cette-celebre-boutique-photo-de-montpellier-prepare-un-tournant-decisif-apres-45-ans-d-histoire_63647593.html\" rel=\"nofollow noopener\" target=\"_blank\">ici<\/a>.<\/p>\n<p><script async src=\"\/\/www.instagram.com\/embed.js\"><\/script><\/p>\n","protected":false},"excerpt":{"rendered":"Photo Com\u00e9die, une institution du paysage montpelli\u00e9rain, s\u2019appr\u00eate \u00e0 faire peau neuve. Apr\u00e8s plus de quarante ans de&hellip;\n","protected":false},"author":2,"featured_media":638807,"comment_status":"","ping_status":"","sticky":false,"template":"","format":"standard","meta":{"footnotes":""},"categories":[9599],"tags":[1111,11,1777,674,1011,27,2208,12,2680,25],"class_list":{"0":"post-638806","1":"post","2":"type-post","3":"status-publish","4":"format-standard","5":"has-post-thumbnail","7":"category-montpellier","8":"tag-actu","9":"tag-actualites","10":"tag-eu","11":"tag-europe","12":"tag-fr","13":"tag-france","14":"tag-montpellier","15":"tag-news","16":"tag-occitanie","17":"tag-republique-francaise"},"share_on_mastodon":{"url":"https:\/\/pubeurope.com\/@fr\/115832574799459980","error":""},"_links":{"self":[{"href":"https:\/\/www.europesays.com\/fr\/wp-json\/wp\/v2\/posts\/638806","targetHints":{"allow":["GET"]}}],"collection":[{"href":"https:\/\/www.europesays.com\/fr\/wp-json\/wp\/v2\/posts"}],"about":[{"href":"https:\/\/www.europesays.com\/fr\/wp-json\/wp\/v2\/types\/post"}],"author":[{"embeddable":true,"href":"https:\/\/www.europesays.com\/fr\/wp-json\/wp\/v2\/users\/2"}],"replies":[{"embeddable":true,"href":"https:\/\/www.europesays.com\/fr\/wp-json\/wp\/v2\/comments?post=638806"}],"version-history":[{"count":0,"href":"https:\/\/www.europesays.com\/fr\/wp-json\/wp\/v2\/posts\/638806\/revisions"}],"wp:featuredmedia":[{"embeddable":true,"href":"https:\/\/www.europesays.com\/fr\/wp-json\/wp\/v2\/media\/638807"}],"wp:attachment":[{"href":"https:\/\/www.europesays.com\/fr\/wp-json\/wp\/v2\/media?parent=638806"}],"wp:term":[{"taxonomy":"category","embeddable":true,"href":"https:\/\/www.europesays.com\/fr\/wp-json\/wp\/v2\/categories?post=638806"},{"taxonomy":"post_tag","embeddable":true,"href":"https:\/\/www.europesays.com\/fr\/wp-json\/wp\/v2\/tags?post=638806"}],"curies":[{"name":"wp","href":"https:\/\/api.w.org\/{rel}","templated":true}]}}