{"id":638812,"date":"2026-01-03T18:28:17","date_gmt":"2026-01-03T18:28:17","guid":{"rendered":"https:\/\/www.europesays.com\/fr\/638812\/"},"modified":"2026-01-03T18:28:17","modified_gmt":"2026-01-03T18:28:17","slug":"un-rassemblement-organise-ce-samedi-soir-a-grenoble","status":"publish","type":"post","link":"https:\/\/www.europesays.com\/fr\/638812\/","title":{"rendered":"un rassemblement organis\u00e9 ce samedi soir \u00e0 Grenoble"},"content":{"rendered":"<p>Apr\u00e8s <a href=\"https:\/\/www.ledauphine.com\/defense-guerre-conflit\/2026\/01\/03\/de-fortes-explosions-entendues-dans-la-capitale-caracas\" target=\"_blank\" rel=\"noopener\"> l\u2019op\u00e9ration de l\u2019arm\u00e9e am\u00e9ricaine<\/a> qui a\u00a0men\u00e9 des frappes t\u00f4t ce samedi contre la capitale v\u00e9n\u00e9zu\u00e9lienne, Caracas, et <a href=\"https:\/\/www.ledauphine.com\/defense-guerre-conflit\/2026\/01\/03\/les-etats-unis-menent-des-frappes-militaires-contre-le-venezuela-maduro-appelle-a-la-mobilisation\" target=\"_blank\" rel=\"noopener\">\u201ccaptur\u00e9 et exfiltr\u00e9\u201d<\/a> , selon les mots de <a href=\"https:\/\/www.ledauphine.com\/p\/donald-trump\" target=\"_blank\" rel=\"noopener\">Donald Trump<\/a>, le pr\u00e9sident v\u00e9n\u00e9zu\u00e9lien <a href=\"https:\/\/www.ledauphine.com\/p\/nicolas-maduro\" target=\"_blank\" rel=\"noopener\">Nicolas Maduro<\/a>, un rassemblement est organis\u00e9 ce samedi \u00e0 Grenoble.<\/p>\n<p>L\u2019Association pour la coop\u00e9ration inter-peuples &#8211; Action de solidarit\u00e9 avec les peuples d\u2019Am\u00e9rique Latine et pour la diffusion des cultures d\u2019origine, Young Struggle Grenoble, LDC Grenoble et URC invitent \u00e0 se r\u00e9unir\u00a0\u00e0 partir de 18 heures sur la place F\u00e9lix-Poulat pour dire \u201cNon \u00e0 toute intervention des \u00c9tats-Unis\u00a0! Oui \u00e0 l\u2019autod\u00e9termination du peuple v\u00e9n\u00e9zu\u00e9lien\u00a0!\u201d et \u201cmanifester toute notre solidarit\u00e9 avec le peuple fr\u00e8re du Venezuela, en d\u00e9fense de sa Constitution et de la souverainet\u00e9 des peuples contre l\u2019imp\u00e9rialisme \u00e9tasunien\u201d.<\/p>\n<p>\u00ab\u00a0Solidarit\u00e9 avec le peuple v\u00e9n\u00e9zu\u00e9lien\u00a0\u00bb<\/p>\n<p>\u201cLe moment est grave, cette intervention militaire men\u00e9e par Trump n\u2019a pour but que de contr\u00f4ler la plus grande r\u00e9serve mondiale de p\u00e9trole de qualit\u00e9. Ceci s\u2019inscrit dans le cadre du blocus \u00e9conomique, financier et diplomatique impos\u00e9 par les \u00c9tats-Unis, principal responsable de la crise actuelle qui vient aggraver la situation de la population en g\u00e9n\u00e9rant davantage de violence et de p\u00e9nuries.\u00a0La solution \u00e0 la crise \u00e9conomique et politique que vit le Venezuela doit se chercher dans le dialogue et au travers de m\u00e9canismes d\u00e9mocratiques. Le seul \u00e0 m\u00eame de d\u00e9cider de la destin\u00e9e du pays est le peuple v\u00e9n\u00e9zu\u00e9lien lui-m\u00eame\u201d, \u00e9crivent les organisations dans un communiqu\u00e9.<\/p>\n<p>Elles disent condamner \u201ccette attaque meurtri\u00e8re contre la souverainet\u00e9 du Venezuela. Nous r\u00e9affirmons notre solidarit\u00e9 avec le peuple v\u00e9n\u00e9zu\u00e9lien et appelons \u00e0 d\u00e9fendre son droit \u00e0 l\u2019autod\u00e9termination contre toute forme d\u2019ing\u00e9rence ext\u00e9rieure\u201d.<\/p>\n","protected":false},"excerpt":{"rendered":"Apr\u00e8s l\u2019op\u00e9ration de l\u2019arm\u00e9e am\u00e9ricaine qui a\u00a0men\u00e9 des frappes t\u00f4t ce samedi contre la capitale v\u00e9n\u00e9zu\u00e9lienne, Caracas, et&hellip;\n","protected":false},"author":2,"featured_media":638813,"comment_status":"","ping_status":"","sticky":false,"template":"","format":"standard","meta":{"footnotes":""},"categories":[9566],"tags":[1111,11,2430,112,1777,674,1011,27,2731,2732,108,12,25,104],"class_list":{"0":"post-638812","1":"post","2":"type-post","3":"status-publish","4":"format-standard","5":"has-post-thumbnail","7":"category-grenoble","8":"tag-actu","9":"tag-actualites","10":"tag-auvergne-rhone-alpes","11":"tag-edition-grenoble-agglomeration","12":"tag-eu","13":"tag-europe","14":"tag-fr","15":"tag-france","16":"tag-grenoble","17":"tag-grenoble-bassin","18":"tag-isere","19":"tag-news","20":"tag-republique-francaise","21":"tag-societe"},"share_on_mastodon":{"url":"https:\/\/pubeurope.com\/@fr\/115832586600091094","error":""},"_links":{"self":[{"href":"https:\/\/www.europesays.com\/fr\/wp-json\/wp\/v2\/posts\/638812","targetHints":{"allow":["GET"]}}],"collection":[{"href":"https:\/\/www.europesays.com\/fr\/wp-json\/wp\/v2\/posts"}],"about":[{"href":"https:\/\/www.europesays.com\/fr\/wp-json\/wp\/v2\/types\/post"}],"author":[{"embeddable":true,"href":"https:\/\/www.europesays.com\/fr\/wp-json\/wp\/v2\/users\/2"}],"replies":[{"embeddable":true,"href":"https:\/\/www.europesays.com\/fr\/wp-json\/wp\/v2\/comments?post=638812"}],"version-history":[{"count":0,"href":"https:\/\/www.europesays.com\/fr\/wp-json\/wp\/v2\/posts\/638812\/revisions"}],"wp:featuredmedia":[{"embeddable":true,"href":"https:\/\/www.europesays.com\/fr\/wp-json\/wp\/v2\/media\/638813"}],"wp:attachment":[{"href":"https:\/\/www.europesays.com\/fr\/wp-json\/wp\/v2\/media?parent=638812"}],"wp:term":[{"taxonomy":"category","embeddable":true,"href":"https:\/\/www.europesays.com\/fr\/wp-json\/wp\/v2\/categories?post=638812"},{"taxonomy":"post_tag","embeddable":true,"href":"https:\/\/www.europesays.com\/fr\/wp-json\/wp\/v2\/tags?post=638812"}],"curies":[{"name":"wp","href":"https:\/\/api.w.org\/{rel}","templated":true}]}}