{"id":638814,"date":"2026-01-03T18:29:33","date_gmt":"2026-01-03T18:29:33","guid":{"rendered":"https:\/\/www.europesays.com\/fr\/638814\/"},"modified":"2026-01-03T18:29:33","modified_gmt":"2026-01-03T18:29:33","slug":"sc-bastia-gf38-sur-quelle-chaine-et-a-quelle-heure-voir-le-match-de-ligue-2","status":"publish","type":"post","link":"https:\/\/www.europesays.com\/fr\/638814\/","title":{"rendered":"SC Bastia &#8211; GF38 : sur quelle cha\u00eene et \u00e0 quelle heure voir le match de Ligue 2 ?"},"content":{"rendered":"<p>Suivez le guide pour ne rien manquer de la rencontre en retard de la 18e journ\u00e9e de Ligue 2 entre le SC Bastia et le GF38. En grande difficult\u00e9, le club corse doit d\u00e9sormais chaque match pour entretenir l\u2019espoir d\u2019une incroyable remontada.<\/p>\n<p><strong>O\u00f9 suivre le match<\/strong> SC Bastia \u2013 GF38 ?<\/p>\n<p><strong>1-\u00a0<\/strong>Au Stade Armand Cesari (Furiani)\u2013\u00a0Le coup d\u2019envoi sera lui donn\u00e9 <strong>le samedi 3 janvier \u00e0 20 heures.<\/strong> Si vous n\u2019avez pas encore votre place, vous pouvez vous la procurer sur\u00a0<a href=\"https:\/\/sc-bastia.corsica\/pages\/billetterie\" target=\"_blank\" rel=\"noopener\">le site officiel du club<\/a>.<\/p>\n<p><strong>2-<\/strong>\u00a0Pour suivre la rencontre dans son int\u00e9gralit\u00e9, rendez-vous\u00a0<strong>\u00e0 partir de 19h53 sur beIN Sports<\/strong>\u00a0<strong>max 8<\/strong>, diffuseur unique de la rencontre. Le match sera pr\u00e9c\u00e9d\u00e9 d\u2019un avant-match pour pr\u00e9senter les enjeux du multiplex et suivi d\u2019un apr\u00e8s-match avec les premi\u00e8res r\u00e9actions des diff\u00e9rents acteurs sur beIN Sports 2.<\/p>\n<p><img loading=\"lazy\" data-lazyloaded=\"1\" decoding=\"async\" width=\"850\" height=\"567\" src=\"https:\/\/www.europesays.com\/fr\/wp-content\/uploads\/2025\/10\/ICONSPORT_169791_0065.jpg\" alt=\"BeIN Sports Ligue 2\" class=\"wp-image-360796\"  data-\/>Xavier Grimaldi\/Icon Sport<\/p>\n<p><a href=\"https:\/\/boutique.canalplus.com\/produits\/BEINCNCT\/bein-sports-connect\/1\" target=\"_blank\" rel=\"noreferrer noopener\">Souscrivez \u00e0 beIN Sports Connec<\/a>t \u00e0 partir de 15 euros par mois pour avoir acc\u00e8s \u00e0 100% des matches de Ligue 2, du vendredi 20 heures jusqu\u2019au lundi 20h45, auxquels il faut ajouter l\u2019affiche de Ligue 1, le samedi \u00e0 17 heures.<\/p>\n<p>Cr\u00e9dits photo : Kevin Guizol\/<a href=\"https:\/\/www.iconsport.photo\/\" target=\"_blank\" rel=\"noopener\">Icon Sport<\/a><\/p>\n<p> <a href=\"https:\/\/agences.swisslife-direct.fr\/assurance\/agence-cabinet-callet-quillie-id0048465\" target=\"_blank\" rel=\" noreferrer noopener\"><img decoding=\"async\" data-lazyloaded=\"1\" loading=\"lazy\" src=\"https:\/\/le11hdf.fr\/wp-content\/uploads\/2025\/04\/Billeboard-Swiss-Life.svg\" alt=\"Billeboard Swiss Life\" style=\"width:100%;height:100%\"\/><\/a><\/p>\n","protected":false},"excerpt":{"rendered":"Suivez le guide pour ne rien manquer de la rencontre en retard de la 18e journ\u00e9e de Ligue&hellip;\n","protected":false},"author":2,"featured_media":638815,"comment_status":"","ping_status":"","sticky":false,"template":"","format":"standard","meta":{"footnotes":""},"categories":[9566],"tags":[1111,11,2430,1777,674,1011,27,2731,12,25],"class_list":{"0":"post-638814","1":"post","2":"type-post","3":"status-publish","4":"format-standard","5":"has-post-thumbnail","7":"category-grenoble","8":"tag-actu","9":"tag-actualites","10":"tag-auvergne-rhone-alpes","11":"tag-eu","12":"tag-europe","13":"tag-fr","14":"tag-france","15":"tag-grenoble","16":"tag-news","17":"tag-republique-francaise"},"share_on_mastodon":{"url":"https:\/\/pubeurope.com\/@fr\/115832590527902447","error":""},"_links":{"self":[{"href":"https:\/\/www.europesays.com\/fr\/wp-json\/wp\/v2\/posts\/638814","targetHints":{"allow":["GET"]}}],"collection":[{"href":"https:\/\/www.europesays.com\/fr\/wp-json\/wp\/v2\/posts"}],"about":[{"href":"https:\/\/www.europesays.com\/fr\/wp-json\/wp\/v2\/types\/post"}],"author":[{"embeddable":true,"href":"https:\/\/www.europesays.com\/fr\/wp-json\/wp\/v2\/users\/2"}],"replies":[{"embeddable":true,"href":"https:\/\/www.europesays.com\/fr\/wp-json\/wp\/v2\/comments?post=638814"}],"version-history":[{"count":0,"href":"https:\/\/www.europesays.com\/fr\/wp-json\/wp\/v2\/posts\/638814\/revisions"}],"wp:featuredmedia":[{"embeddable":true,"href":"https:\/\/www.europesays.com\/fr\/wp-json\/wp\/v2\/media\/638815"}],"wp:attachment":[{"href":"https:\/\/www.europesays.com\/fr\/wp-json\/wp\/v2\/media?parent=638814"}],"wp:term":[{"taxonomy":"category","embeddable":true,"href":"https:\/\/www.europesays.com\/fr\/wp-json\/wp\/v2\/categories?post=638814"},{"taxonomy":"post_tag","embeddable":true,"href":"https:\/\/www.europesays.com\/fr\/wp-json\/wp\/v2\/tags?post=638814"}],"curies":[{"name":"wp","href":"https:\/\/api.w.org\/{rel}","templated":true}]}}