{"id":638818,"date":"2026-01-03T18:31:20","date_gmt":"2026-01-03T18:31:20","guid":{"rendered":"https:\/\/www.europesays.com\/fr\/638818\/"},"modified":"2026-01-03T18:31:20","modified_gmt":"2026-01-03T18:31:20","slug":"rennes-prepare-deja-la-suite","status":"publish","type":"post","link":"https:\/\/www.europesays.com\/fr\/638818\/","title":{"rendered":"Rennes pr\u00e9pare d\u00e9j\u00e0 la suite"},"content":{"rendered":"<p>Partagez sur vos r\u00e9seauxL\u2019avenir de Habib Beye au Stade Rennais tient en une ligne\u2026 et elle est \u00e9crite en petits caract\u00e8res au bas du contrat. En conf\u00e9rence de presse, le technicien a confirm\u00e9 l\u2019existence d\u2019une clause simple : qualification europ\u00e9enne = un an de plus, sinon rideau en mai.<\/p>\n<p style=\"text-align: justify;\">Sur le papier, au moins, c\u2019est clair. Rennes est 6e de Ligue 1 et dans le peloton qui se bat pour l\u2019Europe : assez haut pour y croire, assez pr\u00e8s des autres pour savoir que rien ne sera offert.<br \/><strong>Beye<\/strong>, lui, ne cherche pas \u00e0 brouiller les pistes :<br \/>\u00ab En cas de qualification en Coupe d\u2019Europe, on a un an suppl\u00e9mentaire\u2026 S\u2019il n\u2019y a pas de qualification europ\u00e9enne, \u00e7a s\u2019arr\u00eatera. \u00bb<br \/>Cette franchise a un m\u00e9rite : elle pose le d\u00e9cor. Et elle ouvre, forc\u00e9ment, la porte \u00e0 la suite du feuilleton. Car si Rennes devait manquer l\u2019Europe, le club repartirait sur un nouveau cycle\u2026 avec un banc \u00e0 lib\u00e9rer.<br \/>Dans ce sc\u00e9nario, un nom revient d\u00e9j\u00e0 avec insistance : <strong>Franck Haise<\/strong>. L\u2019ancien entra\u00eeneur lensois est d\u00e9sormais libre, Nice ayant act\u00e9 fin d\u00e9cembre la fin de sa collaboration avec lui, sur fond de crise sportive.<\/p>\n<p style=\"text-align: justify;\">Reste l\u2019\u00e9quation rennaise :<strong> Franck Haise<\/strong> n\u2019a pas besoin de se pr\u00e9cipiter. Au contraire, le timing pourrait \u00eatre parfait : laisser Rennes finir sa saison, voir si <strong>Beye<\/strong> coche la case \u201cEurope\u201d, puis aviser. Et si le poste se lib\u00e8re, l\u2019id\u00e9e d\u2019un rapprochement avec <strong>Arnaud Pouille<\/strong>, pr\u00e9sident ex\u00e9cutif \u00e0 Rennes et ancien patron \u00e0 Lens, n\u2019a rien d\u2019un hasard complet.<br \/>\u00c9videmment, \u00e0 ce stade, on parle d\u2019une hypoth\u00e8se, pas d\u2019une annonce. Mais dans un football o\u00f9 les \u201cprofils appr\u00e9ci\u00e9s\u201d deviennent vite des \u201cpistes s\u00e9rieuses\u201d, Rennes sait d\u00e9j\u00e0 vers quel CV regarder si la saison se termine sans billet europ\u00e9en. Et <strong>Haise<\/strong>, lui, peut se contenter d\u2019attendre le jeu des chaises musicales.<\/p>\n<p style=\"text-align: justify;\"><strong>Nos derniers articles :<\/strong><\/p>\n","protected":false},"excerpt":{"rendered":"Partagez sur vos r\u00e9seauxL\u2019avenir de Habib Beye au Stade Rennais tient en une ligne\u2026 et elle est \u00e9crite&hellip;\n","protected":false},"author":2,"featured_media":638819,"comment_status":"","ping_status":"","sticky":false,"template":"","format":"standard","meta":{"footnotes":""},"categories":[2821],"tags":[1111,11,829,1777,674,1011,27,12,584,25],"class_list":{"0":"post-638818","1":"post","2":"type-post","3":"status-publish","4":"format-standard","5":"has-post-thumbnail","7":"category-rennes","8":"tag-actu","9":"tag-actualites","10":"tag-bretagne","11":"tag-eu","12":"tag-europe","13":"tag-fr","14":"tag-france","15":"tag-news","16":"tag-rennes","17":"tag-republique-francaise"},"share_on_mastodon":{"url":"https:\/\/pubeurope.com\/@fr\/115832598340066503","error":""},"_links":{"self":[{"href":"https:\/\/www.europesays.com\/fr\/wp-json\/wp\/v2\/posts\/638818","targetHints":{"allow":["GET"]}}],"collection":[{"href":"https:\/\/www.europesays.com\/fr\/wp-json\/wp\/v2\/posts"}],"about":[{"href":"https:\/\/www.europesays.com\/fr\/wp-json\/wp\/v2\/types\/post"}],"author":[{"embeddable":true,"href":"https:\/\/www.europesays.com\/fr\/wp-json\/wp\/v2\/users\/2"}],"replies":[{"embeddable":true,"href":"https:\/\/www.europesays.com\/fr\/wp-json\/wp\/v2\/comments?post=638818"}],"version-history":[{"count":0,"href":"https:\/\/www.europesays.com\/fr\/wp-json\/wp\/v2\/posts\/638818\/revisions"}],"wp:featuredmedia":[{"embeddable":true,"href":"https:\/\/www.europesays.com\/fr\/wp-json\/wp\/v2\/media\/638819"}],"wp:attachment":[{"href":"https:\/\/www.europesays.com\/fr\/wp-json\/wp\/v2\/media?parent=638818"}],"wp:term":[{"taxonomy":"category","embeddable":true,"href":"https:\/\/www.europesays.com\/fr\/wp-json\/wp\/v2\/categories?post=638818"},{"taxonomy":"post_tag","embeddable":true,"href":"https:\/\/www.europesays.com\/fr\/wp-json\/wp\/v2\/tags?post=638818"}],"curies":[{"name":"wp","href":"https:\/\/api.w.org\/{rel}","templated":true}]}}