{"id":638820,"date":"2026-01-03T18:32:17","date_gmt":"2026-01-03T18:32:17","guid":{"rendered":"https:\/\/www.europesays.com\/fr\/638820\/"},"modified":"2026-01-03T18:32:17","modified_gmt":"2026-01-03T18:32:17","slug":"derniere-chance-pour-voir-les-illuminations-en-ville-ce-dimanche","status":"publish","type":"post","link":"https:\/\/www.europesays.com\/fr\/638820\/","title":{"rendered":"derni\u00e8re chance pour voir les illuminations en ville ce dimanche"},"content":{"rendered":"<p>  Profiter des lumi\u00e8res de No\u00ebl une derni\u00e8re fois<\/p>\n<p>Ce dimanche, on profitera donc pour la derni\u00e8re fois de cette f\u00e9erie de la nativit\u00e9, install\u00e9e par <a href=\"https:\/\/www.dna.fr\/economie\/2025\/10\/28\/les-vitrines-de-strasbourg-exigent-des-engagements-fermes-des-candidats\" target=\"_blank\" rel=\"noopener\">les Vitrines de Strasbourg<\/a> avec la Ville dans les rues commer\u00e7antes. Des quelque trois millions de points lumineux, r\u00e9partis sur 25 kilom\u00e8tres de fils LED d\u00e9ploy\u00e9s. Une op\u00e9ration qui co\u00fbte 800 000 euros aux Vitrines et \u00e0 ses adh\u00e9rents. Tandis que la Ville leur verse une subvention de soutien de quelque 350 000 euros.<\/p>\n<p>L\u2019occasion de (re)d\u00e9couvrir, au rayon nouveaut\u00e9s 2025 des illuminations, la \u201cPluie d\u2019\u00e9toiles\u201d de la rue du Foss\u00e9-des-Tailleurs. Et d\u2019admirer les anges de la rue Merci\u00e8re, les lustres Baccarat de la rue des Hallebardes, le sapin-cath\u00e9drale (place de la Gare), la porte de lumi\u00e8re (rue du Vieux-March\u00e9-aux-Poissons), l\u2019arbre bleu (place Gutenberg), le lustre gourmand (Grand\u2019Rue).<\/p>\n<p>  Des anges, des coeurs&#8230;<\/p>\n<p>Derni\u00e8re chance aussi pour prendre en photo le \u201cVoyage rose\u201d (rue de l\u2019Outre), la \u201cNuance de fuchsia\u201d (rue de la Haute-Mont\u00e9e), \u201cRhapsody\u201d (place de la Grande-Boucherie), les livres lumineux (rue du Jeu-des-Enfants) ou encore la for\u00eat f\u00e9erique (rue de la M\u00e9sange).<\/p>\n<p>Dernier coup d\u2019\u0153il possible enfin aux c\u0153urs lumineux rue du Maire-Kuss, aux tonneaux \u00e9tincelants rue des Tonneliers, aux \u00e9toiles des rois mages de la Petite France ou encore aux boules g\u00e9antes de la rue du 22-Novembre.<\/p>\n","protected":false},"excerpt":{"rendered":"Profiter des lumi\u00e8res de No\u00ebl une derni\u00e8re fois Ce dimanche, on profitera donc pour la derni\u00e8re fois de&hellip;\n","protected":false},"author":2,"featured_media":638821,"comment_status":"","ping_status":"","sticky":false,"template":"","format":"standard","meta":{"footnotes":""},"categories":[2820],"tags":[1111,11,2649,130,1687,2880,1777,674,107,1011,27,775,12,15830,25,640,2879,602],"class_list":{"0":"post-638820","1":"post","2":"type-post","3":"status-publish","4":"format-standard","5":"has-post-thumbnail","7":"category-strasbourg","8":"tag-actu","9":"tag-actualites","10":"tag-bas-rhin","11":"tag-consommation","12":"tag-culture-loisirs","13":"tag-edition-strasbourg","14":"tag-eu","15":"tag-europe","16":"tag-fil-info","17":"tag-fr","18":"tag-france","19":"tag-grand-est","20":"tag-news","21":"tag-noel","22":"tag-republique-francaise","23":"tag-strasbourg","24":"tag-strasbourg-ville","25":"tag-tourisme"},"share_on_mastodon":{"url":"https:\/\/pubeurope.com\/@fr\/115832602852457346","error":""},"_links":{"self":[{"href":"https:\/\/www.europesays.com\/fr\/wp-json\/wp\/v2\/posts\/638820","targetHints":{"allow":["GET"]}}],"collection":[{"href":"https:\/\/www.europesays.com\/fr\/wp-json\/wp\/v2\/posts"}],"about":[{"href":"https:\/\/www.europesays.com\/fr\/wp-json\/wp\/v2\/types\/post"}],"author":[{"embeddable":true,"href":"https:\/\/www.europesays.com\/fr\/wp-json\/wp\/v2\/users\/2"}],"replies":[{"embeddable":true,"href":"https:\/\/www.europesays.com\/fr\/wp-json\/wp\/v2\/comments?post=638820"}],"version-history":[{"count":0,"href":"https:\/\/www.europesays.com\/fr\/wp-json\/wp\/v2\/posts\/638820\/revisions"}],"wp:featuredmedia":[{"embeddable":true,"href":"https:\/\/www.europesays.com\/fr\/wp-json\/wp\/v2\/media\/638821"}],"wp:attachment":[{"href":"https:\/\/www.europesays.com\/fr\/wp-json\/wp\/v2\/media?parent=638820"}],"wp:term":[{"taxonomy":"category","embeddable":true,"href":"https:\/\/www.europesays.com\/fr\/wp-json\/wp\/v2\/categories?post=638820"},{"taxonomy":"post_tag","embeddable":true,"href":"https:\/\/www.europesays.com\/fr\/wp-json\/wp\/v2\/tags?post=638820"}],"curies":[{"name":"wp","href":"https:\/\/api.w.org\/{rel}","templated":true}]}}